{"id":10440,"date":"2021-02-12T03:16:20","date_gmt":"2021-02-12T06:16:20","guid":{"rendered":"https:\/\/hostnetart.com.br\/baixada\/santander-bancarios-aprovam-acordo-do-banco-de-horas-da-covid-19\/"},"modified":"2021-02-12T03:16:20","modified_gmt":"2021-02-12T06:16:20","slug":"santander-bancarios-aprovam-acordo-do-banco-de-horas-da-covid-19","status":"publish","type":"post","link":"https:\/\/hostnetart.com.br\/baixada\/santander-bancarios-aprovam-acordo-do-banco-de-horas-da-covid-19\/","title":{"rendered":"Santander: Banc\u00e1rios aprovam acordo do banco de horas da Covid-19"},"content":{"rendered":"<p>A proposta de compensa\u00e7\u00e3o de horas n\u00e3o trabalhadas em decorr\u00eancia da pandemia causada pelo novo coronav\u00edrus foi aprovada por 94,86% dos empregados do banco Santander que participaram da assembleia eletr\u00f4nica realizada por sindicatos de todo o pa\u00eds na ter\u00e7a-feira (9).<\/p>\n<p>Inicialmente prevista para janeiro, a nova data indicativa para o in\u00edcio da compensa\u00e7\u00e3o \u00e9 mar\u00e7o. A data, por\u00e9m, est\u00e1 condicionada a uma nova an\u00e1lise das condi\u00e7\u00f5es da pandemia, com a possibilidade de nova prorroga\u00e7\u00e3o.<\/p>\n<p>Com a aprova\u00e7\u00e3o da proposta, os trabalhadores ter\u00e3o 18 meses para fazer a compensa\u00e7\u00e3o das horas, sendo vetado desconto em folha de pagamento at\u00e9 encerrado este prazo. Em caso de demiss\u00e3o sem justa causa ou aposentadoria, tamb\u00e9m \u00e9 vetado o desconto das horas n\u00e3o compensadas.<\/p>\n<h3><strong>Acordo<\/strong><\/h3>\n<p>Para o secret\u00e1rio de Assuntos Socioecon\u00f4micos e representante da Confedera\u00e7\u00e3o Nacional dos Trabalhadores do Ramo Financeiro (Contraf-CUT) na Comiss\u00e3o de Organiza\u00e7\u00e3o dos Empregados (COE), Mario Raia, o acordo traz um pouco de tranquilidade para os trabalhadores que t\u00eam banco de horas negativas. \u201c<a href=\"https:\/\/contrafcut.com.br\/noticias\/contraf-cut-negocia-aditivos-de-banco-de-horas-e-plr-com-o-santander\" target=\"_blank\" rel=\"noopener noreferrer\">O acordo anterior<\/a>\u00a0previa o in\u00edcio da compensa\u00e7\u00e3o agora para janeiro. Mas, com o prolongamento do per\u00edodo de pandemia, foi necess\u00e1rio negociarmos a nova data de in\u00edcio, al\u00e9m de ampliar o prazo para compensa\u00e7\u00e3o\u201d, explicou.<\/p>\n<h3><strong>Resumo da proposta<\/strong><\/h3>\n<p>\u2013 In\u00edcio da compensa\u00e7\u00e3o ser\u00e1 adiado de janeiro para mar\u00e7o, com a possibilidade de nova prorroga\u00e7\u00e3o a depender do cen\u00e1rio da pandemia;<br \/>\u2013 Amplia\u00e7\u00e3o do prazo de compensa\u00e7\u00e3o de 12 para 18 meses;<br \/>\u2013 Vetado desconto em folha de pagamento at\u00e9 encerrado o prazo de 18 meses para compensa\u00e7\u00e3o;<br \/>\u2013 Em caso de demiss\u00e3o sem justa causa ou aposentadoria, \u00e9 vetado o desconto das horas negativas n\u00e3o compensadas.<\/p>\n<p><strong>Fonte: Contraf-CUT<\/strong><\/p>\n","protected":false},"excerpt":{"rendered":"<p>A proposta de compensa\u00e7\u00e3o de horas n\u00e3o trabalhadas em decorr\u00eancia da pandemia causada pelo novo coronav\u00edrus foi aprovada por 94,86% dos empregados do banco Santander que participaram da assembleia eletr\u00f4nica realizada por sindicatos de todo o pa\u00eds na ter\u00e7a-feira (9). Inicialmente prevista para janeiro, a nova data indicativa para o in\u00edcio da compensa\u00e7\u00e3o \u00e9 mar\u00e7o. [&hellip;]<\/p>\n","protected":false},"author":2,"featured_media":10439,"comment_status":"","ping_status":"","sticky":false,"template":"","format":"standard","meta":{"footnotes":""},"categories":[3],"tags":[],"class_list":["post-10440","post","type-post","status-publish","format-standard","has-post-thumbnail","hentry","category-noticias"],"_links":{"self":[{"href":"https:\/\/hostnetart.com.br\/baixada\/wp-json\/wp\/v2\/posts\/10440","targetHints":{"allow":["GET"]}}],"collection":[{"href":"https:\/\/hostnetart.com.br\/baixada\/wp-json\/wp\/v2\/posts"}],"about":[{"href":"https:\/\/hostnetart.com.br\/baixada\/wp-json\/wp\/v2\/types\/post"}],"author":[{"embeddable":true,"href":"https:\/\/hostnetart.com.br\/baixada\/wp-json\/wp\/v2\/users\/2"}],"replies":[{"embeddable":true,"href":"https:\/\/hostnetart.com.br\/baixada\/wp-json\/wp\/v2\/comments?post=10440"}],"version-history":[{"count":0,"href":"https:\/\/hostnetart.com.br\/baixada\/wp-json\/wp\/v2\/posts\/10440\/revisions"}],"wp:featuredmedia":[{"embeddable":true,"href":"https:\/\/hostnetart.com.br\/baixada\/wp-json\/wp\/v2\/media\/10439"}],"wp:attachment":[{"href":"https:\/\/hostnetart.com.br\/baixada\/wp-json\/wp\/v2\/media?parent=10440"}],"wp:term":[{"taxonomy":"category","embeddable":true,"href":"https:\/\/hostnetart.com.br\/baixada\/wp-json\/wp\/v2\/categories?post=10440"},{"taxonomy":"post_tag","embeddable":true,"href":"https:\/\/hostnetart.com.br\/baixada\/wp-json\/wp\/v2\/tags?post=10440"}],"curies":[{"name":"wp","href":"https:\/\/api.w.org\/{rel}","templated":true}]}}