{"id":10436,"date":"2021-02-11T13:47:48","date_gmt":"2021-02-11T16:47:48","guid":{"rendered":"https:\/\/hostnetart.com.br\/baixada\/autonomia-do-banco-central-ira-entregar-politica-monetaria-ao-mercado-financeiro\/"},"modified":"2021-02-11T13:47:48","modified_gmt":"2021-02-11T16:47:48","slug":"autonomia-do-banco-central-ira-entregar-politica-monetaria-ao-mercado-financeiro","status":"publish","type":"post","link":"https:\/\/hostnetart.com.br\/baixada\/autonomia-do-banco-central-ira-entregar-politica-monetaria-ao-mercado-financeiro\/","title":{"rendered":"\u2018Autonomia\u2019 do Banco Central ir\u00e1 entregar pol\u00edtica monet\u00e1ria ao mercado financeiro"},"content":{"rendered":"<p>\u201cO lobo cuidar\u00e1 do galinheiro\u201d. \u00c9 assim que o diretor t\u00e9cnico do Dieese, Fausto Augusto Junior, resume a possibilidade de \u201cautonomia\u201d do Banco Central (BC), por meio do Projeto de Lei Complementar (PLP)\u00a0<a href=\"https:\/\/www25.senado.leg.br\/web\/atividade\/materias\/-\/materia\/135147\">19\/2019<\/a>, que pode ser votado nesta quarta-feira (10).<\/p>\n<p>A C\u00e2mara dos Deputados aprovou, nesta ter\u00e7a-feira (9), o requerimento de urg\u00eancia para acelerar a tramita\u00e7\u00e3o do projeto. O especialista afirma que a pressa mostra como os parlamentares n\u00e3o t\u00eam consci\u00eancia do que o processo significa. Na avalia\u00e7\u00e3o de Fausto, a autonomia do Banco Central \u00e9 a confirma\u00e7\u00e3o da pol\u00edtica ultraliberal do ministro da Economia, Paulo Guedes.<\/p>\n<p>\u201cCom essa autonomia, o pre\u00e7o dos produtos, a infla\u00e7\u00e3o e a taxa de juros estar\u00e3o\u00a0<a href=\"https:\/\/www.redebrasilatual.com.br\/economia\/2019\/12\/banco-central-na-mao-do-mercado-e-concentracao-bancaria-impedem-desenvolvimento-do-pais\/\" target=\"_blank\" rel=\"noopener noreferrer\">vinculados ao interesse do mercado financeiro<\/a>. Vamos colocar o lobo para tomar conta do galinheiro\u201d, alerta o diretor t\u00e9cnico do Dieese, em entrevista \u00e0 Maria Teresa Cruz, na\u00a0<strong>R\u00e1dio Brasil Atual<\/strong>.<\/p>\n<p>\u00c0\u00a0<strong>RBA<\/strong>, o l\u00edder do PT no Senado, Rog\u00e9rio Carvalho (SE), disse\u00a0<a href=\"https:\/\/www.redebrasilatual.com.br\/politica\/2020\/11\/com-autonomia-banco-central-ficara-preso-a-interesses-do-mercado-diz-lider-de-oposicao\/\" target=\"_blank\" rel=\"noopener noreferrer\">que o Congresso aprovou<\/a>\u00a0a tal \u201cautonomia\u201d, sob pretexto de \u201cblindar\u201d a institui\u00e7\u00e3o de \u201cinger\u00eancias pol\u00edticas\u201d. \u201cEstamos dando autonomia em rela\u00e7\u00e3o ao governo, mas n\u00e3o estamos dando autonomia em rela\u00e7\u00e3o ao mercado\u201d, criticou.<\/p>\n<h2>Banco Central acima de governos<\/h2>\n<p>O projeto de lei estabelece mandatos de quatro anos para o presidente e os diretores do Banco Central. Para assumir, eles dever\u00e3o passar, ainda, por vota\u00e7\u00e3o secreta no Senado. Por\u00e9m, a proposta diz que o novo chefe do banco dever\u00e1 assumir no terceiro ano de governo do presidente da Rep\u00fablica, de modo que o seu no comando da pol\u00edtica monet\u00e1ria n\u00e3o coincida com o mandato do chefe do Executivo.<\/p>\n<p>Fausto Augusto Junior critica esse item e afirma que, caso Jair Bolsonaro deixe a Presid\u00eancia em 2022, sua pol\u00edtica ultraliberal ser\u00e1 mantida durante a pr\u00f3xima gest\u00e3o. \u201cIsso deixar\u00e1 um pr\u00f3ximo presidente ainda subordinado \u00e0 pol\u00edtica econ\u00f4mica do \u00faltimo governo. \u00c9 a manuten\u00e7\u00e3o dos erros do governo anterior em um \u00f3rg\u00e3o respons\u00e1vel pela pol\u00edtica monet\u00e1ria do pa\u00eds, como a taxa de juros e emiss\u00e3o de moedas\u201d, criticou.<\/p>\n<p>A autonomia do Banco Central \u00e9 debatida no Congresso desde 1991, e o projeto entrou na lista de pautas priorit\u00e1rias do governo, entregue pelo presidente Jair Bolsonaro a Lira e ao presidente do Senado, Rodrigo Pacheco (DEM-MG), na semana passada.<\/p>\n<h3>Fonte: Rede Brasil Atual<\/h3>\n","protected":false},"excerpt":{"rendered":"<p>\u201cO lobo cuidar\u00e1 do galinheiro\u201d. \u00c9 assim que o diretor t\u00e9cnico do Dieese, Fausto Augusto Junior, resume a possibilidade de \u201cautonomia\u201d do Banco Central (BC), por meio do Projeto de Lei Complementar (PLP)\u00a019\/2019, que pode ser votado nesta quarta-feira (10). A C\u00e2mara dos Deputados aprovou, nesta ter\u00e7a-feira (9), o requerimento de urg\u00eancia para acelerar a [&hellip;]<\/p>\n","protected":false},"author":2,"featured_media":10435,"comment_status":"","ping_status":"","sticky":false,"template":"","format":"standard","meta":{"footnotes":""},"categories":[3],"tags":[],"class_list":["post-10436","post","type-post","status-publish","format-standard","has-post-thumbnail","hentry","category-noticias"],"_links":{"self":[{"href":"https:\/\/hostnetart.com.br\/baixada\/wp-json\/wp\/v2\/posts\/10436","targetHints":{"allow":["GET"]}}],"collection":[{"href":"https:\/\/hostnetart.com.br\/baixada\/wp-json\/wp\/v2\/posts"}],"about":[{"href":"https:\/\/hostnetart.com.br\/baixada\/wp-json\/wp\/v2\/types\/post"}],"author":[{"embeddable":true,"href":"https:\/\/hostnetart.com.br\/baixada\/wp-json\/wp\/v2\/users\/2"}],"replies":[{"embeddable":true,"href":"https:\/\/hostnetart.com.br\/baixada\/wp-json\/wp\/v2\/comments?post=10436"}],"version-history":[{"count":0,"href":"https:\/\/hostnetart.com.br\/baixada\/wp-json\/wp\/v2\/posts\/10436\/revisions"}],"wp:featuredmedia":[{"embeddable":true,"href":"https:\/\/hostnetart.com.br\/baixada\/wp-json\/wp\/v2\/media\/10435"}],"wp:attachment":[{"href":"https:\/\/hostnetart.com.br\/baixada\/wp-json\/wp\/v2\/media?parent=10436"}],"wp:term":[{"taxonomy":"category","embeddable":true,"href":"https:\/\/hostnetart.com.br\/baixada\/wp-json\/wp\/v2\/categories?post=10436"},{"taxonomy":"post_tag","embeddable":true,"href":"https:\/\/hostnetart.com.br\/baixada\/wp-json\/wp\/v2\/tags?post=10436"}],"curies":[{"name":"wp","href":"https:\/\/api.w.org\/{rel}","templated":true}]}}