{"id":10434,"date":"2021-02-11T12:19:08","date_gmt":"2021-02-11T15:19:08","guid":{"rendered":"https:\/\/hostnetart.com.br\/baixada\/plenarias-nesta-5-feira-11-organizarao-manifestacoes-no-bb\/"},"modified":"2021-02-11T12:19:08","modified_gmt":"2021-02-11T15:19:08","slug":"plenarias-nesta-5-feira-11-organizarao-manifestacoes-no-bb","status":"publish","type":"post","link":"https:\/\/hostnetart.com.br\/baixada\/plenarias-nesta-5-feira-11-organizarao-manifestacoes-no-bb\/","title":{"rendered":"Plen\u00e1rias nesta 5\u00aa feira (11) organizar\u00e3o manifesta\u00e7\u00f5es no BB"},"content":{"rendered":"<p>Em reuni\u00e3o com o Comando Nacional dos Banc\u00e1rios, realizada na tarde desta quarta-feira (10), o Banco do Brasil se manteve irredut\u00edvel e n\u00e3o aceitou negociar o fim do comissionamento de fun\u00e7\u00e3o dos caixas, nem o abono dos dias de paralisa\u00e7\u00e3o em protesto contra a proposta de reestrutura\u00e7\u00e3o do banco, que prev\u00ea 5 mil demiss\u00f5es, o fechamento de 112 ag\u00eancias, de 242 postos de atendimento e sete escrit\u00f3rios. Comando j\u00e1 tirou lista de atividades para ser debatida nas plen\u00e1rias que acontecer\u00e3o nesta quinta-feira (11), al\u00e9m de um tuita\u00e7o j\u00e1 para esta quinta, \u00e0s 11h.<\/p>\n<p>\u201c\u00c9 um absurdo que, em plena pandemia, um banco p\u00fablico, que apresenta lucro e fornece recurso para o Tesouro Nacional, queira reduzir 5 mil postos de trabalho e os sal\u00e1rios de quem vai continuar trabalhando\u201d, afirmou a presidenta da Confedera\u00e7\u00e3o Nacional dos Trabalhadores do Ramo Financeiro (Contraf-CUT), Juvandia Moreira, que \u00e9 uma das coordenadoras do Comando Nacional dos Banc\u00e1rios. \u201cAl\u00e9m disso, queira fechar unidades de atendimento, prejudicando duplamente a popula\u00e7\u00e3o que ter\u00e1 menos funcion\u00e1rios para atend\u00ea-la e menos unidades que lhes prestem o servi\u00e7o\u201d, completou.<\/p>\n<p>Para Juvandia, a dire\u00e7\u00e3o do banco segue a linha entreguista e de arrocho ao trabalhador que vem sendo tocada pelo governo Bolsonaro. \u201cTrata-se de um governo declaradamente contra os trabalhadores, que j\u00e1 cortou diversos direitos trabalhistas. Um governo que quer acabar com as empresas p\u00fablicas e todo o funcionalismo. A popula\u00e7\u00e3o precisa ficar atenta, pois sem os servi\u00e7os e os funcion\u00e1rios p\u00fablicos ela contar\u00e1 apenas com o servi\u00e7o privado, que busca exclusivamente o lucro e, na maioria das vezes, n\u00e3o presta um servi\u00e7o adequado\u201d, observou a presidenta da Contraf-CUT, ao lembrar do apag\u00e3o ocorrido em Roraima, onde uma empresa privada foi a respons\u00e1vel pelo apag\u00e3o e uma empresa p\u00fablica teve que resolver o problema e os hospitais do SUS, que foram quem atendem a popula\u00e7\u00e3o durante a pandemia causada pelo novo coronav\u00edrus. \u201cDurante essa pandemia, foi a Caixa (Econ\u00f4mica Federal) quem atendeu a demanda pelo aux\u00edlio emergencial e foi o banco do Brasil quem concedeu cr\u00e9dito para que n\u00e3o houve houvesse um n\u00famero ainda maior de empresas baixando as portas\u201d, alertou.<\/p>\n<h3>Intensifica\u00e7\u00e3o do movimento<\/h3>\n<p>Ap\u00f3s a reuni\u00e3o com o banco, o Comando e a Comiss\u00e3o de Empresa dos Funcion\u00e1rios do Banco do Brasil (CEBB) permaneceram reunidos e defiram uma s\u00e9rie de a\u00e7\u00f5es a serem organizadas nas plen\u00e1rias que ser\u00e3o realizadas nesta quinta-feira (11) por sindicatos de todo o pa\u00eds.<\/p>\n<p>\u201cEstamos \u00e0s v\u00e9speras do Carnaval, mas n\u00e3o podemos deixar que isso nos atrapalhe. O banco j\u00e1 retirou hoje a gratifica\u00e7\u00e3o dos caixas e o movimento de protesto deve continuar na mesma intensidade. Hoje j\u00e1 houve uma boa ades\u00e3o \u00e0 paralisa\u00e7\u00e3o e demais atividades de protesto. Vamos intensificar as a\u00e7\u00f5es para que isso siga numa crescente e leve \u00e0 mobiliza\u00e7\u00e3o de toda a sociedade contra mais esse descalabro do governo\u201d, disse o coordenador da CEBB, Jo\u00e3o Fukunaga, lembrado que as mudan\u00e7as afetam a vida dos funcion\u00e1rios que saem e dos que ficam, devido \u00e0 sobrecarga de trabalho e poss\u00edveis transfer\u00eancias. \u201cMas, tamb\u00e9m podem afetar toda a economia, principalmente das cidades que perder\u00e3o ag\u00eancias e de toda a popula\u00e7\u00e3o, que ter\u00e1 o atendimento prejudicado\u201d, completou.<\/p>\n<h3>Mobiliza\u00e7\u00e3o<\/h3>\n<p>O Comando tirou propostas indicativas que dever\u00e3o ser debatidas e organizadas em plen\u00e1rios dos funcion\u00e1rios nesta quinta-feira, mas j\u00e1 definiu um grande tuita\u00e7o para \u00e0s 11h desta quinta-feira. \u201cTodo mundo de todos os sindicatos precisa participar do tuita\u00e7o para colocarmos este assunto entre os mais comentados do pa\u00eds\u201d, declarou a coordenadora do Comando Nacional.<\/p>\n<h3>Calend\u00e1rio<\/h3>\n<p>11\/2, \u00e0s 11h \u2013 Tuita\u00e7o #BBParado e #MeuBBValeMais<br \/>11\/2 \u2013 Plen\u00e1rias organizativas<br \/>\u2013 Manuten\u00e7\u00e3o do Estado de Greve<br \/>\u2013 A\u00e7\u00f5es judiciais contra a desgratifica\u00e7\u00e3o<br \/>\u2013 A\u00e7\u00f5es judiciais contra fechamentos das ag\u00eancias<br \/>\u2013 A\u00e7\u00f5es judiciais pedindo a reclassifica\u00e7\u00e3o das faltas<br \/>\u2013 Contato com parlamentares, prefeitos e governadores<br \/>\u2013 Paralisa\u00e7\u00f5es<br \/>\u2013 A\u00e7\u00f5es pontuais<br \/>18\/2 \u2013 Plen\u00e1rias<br \/>19\/2 Reuni\u00e3o de avalia\u00e7\u00e3o do Comando<\/p>\n<p><strong>Fonte: Contraf-CUT<\/strong><\/p>\n","protected":false},"excerpt":{"rendered":"<p>Em reuni\u00e3o com o Comando Nacional dos Banc\u00e1rios, realizada na tarde desta quarta-feira (10), o Banco do Brasil se manteve irredut\u00edvel e n\u00e3o aceitou negociar o fim do comissionamento de fun\u00e7\u00e3o dos caixas, nem o abono dos dias de paralisa\u00e7\u00e3o em protesto contra a proposta de reestrutura\u00e7\u00e3o do banco, que prev\u00ea 5 mil demiss\u00f5es, o [&hellip;]<\/p>\n","protected":false},"author":2,"featured_media":10433,"comment_status":"","ping_status":"","sticky":false,"template":"","format":"standard","meta":{"footnotes":""},"categories":[3],"tags":[],"class_list":["post-10434","post","type-post","status-publish","format-standard","has-post-thumbnail","hentry","category-noticias"],"_links":{"self":[{"href":"https:\/\/hostnetart.com.br\/baixada\/wp-json\/wp\/v2\/posts\/10434","targetHints":{"allow":["GET"]}}],"collection":[{"href":"https:\/\/hostnetart.com.br\/baixada\/wp-json\/wp\/v2\/posts"}],"about":[{"href":"https:\/\/hostnetart.com.br\/baixada\/wp-json\/wp\/v2\/types\/post"}],"author":[{"embeddable":true,"href":"https:\/\/hostnetart.com.br\/baixada\/wp-json\/wp\/v2\/users\/2"}],"replies":[{"embeddable":true,"href":"https:\/\/hostnetart.com.br\/baixada\/wp-json\/wp\/v2\/comments?post=10434"}],"version-history":[{"count":0,"href":"https:\/\/hostnetart.com.br\/baixada\/wp-json\/wp\/v2\/posts\/10434\/revisions"}],"wp:featuredmedia":[{"embeddable":true,"href":"https:\/\/hostnetart.com.br\/baixada\/wp-json\/wp\/v2\/media\/10433"}],"wp:attachment":[{"href":"https:\/\/hostnetart.com.br\/baixada\/wp-json\/wp\/v2\/media?parent=10434"}],"wp:term":[{"taxonomy":"category","embeddable":true,"href":"https:\/\/hostnetart.com.br\/baixada\/wp-json\/wp\/v2\/categories?post=10434"},{"taxonomy":"post_tag","embeddable":true,"href":"https:\/\/hostnetart.com.br\/baixada\/wp-json\/wp\/v2\/tags?post=10434"}],"curies":[{"name":"wp","href":"https:\/\/api.w.org\/{rel}","templated":true}]}}