{"id":10432,"date":"2021-02-11T12:14:34","date_gmt":"2021-02-11T15:14:34","guid":{"rendered":"https:\/\/hostnetart.com.br\/baixada\/mercado-assume-politica-economica-no-brasil\/"},"modified":"2021-02-11T12:14:34","modified_gmt":"2021-02-11T15:14:34","slug":"mercado-assume-politica-economica-no-brasil","status":"publish","type":"post","link":"https:\/\/hostnetart.com.br\/baixada\/mercado-assume-politica-economica-no-brasil\/","title":{"rendered":"Mercado assume pol\u00edtica econ\u00f4mica no Brasil"},"content":{"rendered":"<p>Festa nas mans\u00f5es e palacetes. A C\u00e2mara dos Deputados aprovou nesta quarta-feira (10) o texto-base do projeto que prev\u00ea autonomia para o Banco Central. Sem discuss\u00f5es nas comiss\u00f5es e nenhum debate com a sociedade, a vota\u00e7\u00e3o ocorreu um dia ap\u00f3s ter sido aprovada a urg\u00eancia do projeto.<\/p>\n<p>\u201cEssa autonomia coloca nas m\u00e3os do mercado financeiro os destinos da pol\u00edtica econ\u00f4mica brasileira. \u00c9 uma afronta \u00e0 democracia porque a popula\u00e7\u00e3o elege seus governantes para tocar a economia do pa\u00eds. Com a aprova\u00e7\u00e3o do projeto, ser\u00e1 o mercado financeiro que definir\u00e1 os destinos do Brasil na economia. Isso afeta a oferta de emprego, infla\u00e7\u00e3o, c\u00e2mbio e todo funcionamento da m\u00e1quina econ\u00f4mica do pa\u00eds. \u00c9 tudo que o mercado quer: um Banco Central que atenda unicamente a seus interesses\u201d, afirmou a presidenta da Confedera\u00e7\u00e3o Nacional dos Trabalhadores do Ramo Financeiro (Contraf-CUT), Juvandia Moreira.<\/p>\n<p>O Banco Central autoriza as institui\u00e7\u00f5es financeiras a funcionar, tendo a fun\u00e7\u00e3o de fiscaliz\u00e1-las. Caso n\u00e3o existisse ou n\u00e3o fosse uma entidade com essa for\u00e7a, poderia haver excessos por parte dos bancos, por exemplo. Tamb\u00e9m \u00e9 respons\u00e1vel por controlar a infla\u00e7\u00e3o e pela regulamenta\u00e7\u00e3o e supervis\u00e3o de todo o Sistema Financeiro Nacional. Isso significa que toda a\u00e7\u00e3o ou decis\u00e3o tomada pelo Banco Central afeta diretamente as rela\u00e7\u00f5es financeiras, influenciando em fatores como negocia\u00e7\u00f5es, investimentos, moedas estrangeiras, cr\u00e9dito e pre\u00e7os.<\/p>\n<p>\u201cO Banco Central \u00e9 respons\u00e1vel por garantir que a economia brasileira fique est\u00e1vel, regulando o sistema financeiro e mantendo o poder de compra da moeda do pa\u00eds, o Real. Mas, os trabalhadores e a popula\u00e7\u00e3o pobre t\u00eam uma vis\u00e3o de estabilidade e os ricos e o mercado t\u00eam outra, completamente diferente. Agora, com o Banco Central ficando nas m\u00e3os do mercado, vai prevalecer a estabilidade dos ricos, em preju\u00edzo dos mais pobres\u201d, avalia Juvandia Moreira.<\/p>\n<p><strong>Fonte: Contraf-CUT<\/strong><\/p>\n","protected":false},"excerpt":{"rendered":"<p>Festa nas mans\u00f5es e palacetes. A C\u00e2mara dos Deputados aprovou nesta quarta-feira (10) o texto-base do projeto que prev\u00ea autonomia para o Banco Central. Sem discuss\u00f5es nas comiss\u00f5es e nenhum debate com a sociedade, a vota\u00e7\u00e3o ocorreu um dia ap\u00f3s ter sido aprovada a urg\u00eancia do projeto. \u201cEssa autonomia coloca nas m\u00e3os do mercado financeiro [&hellip;]<\/p>\n","protected":false},"author":2,"featured_media":10431,"comment_status":"","ping_status":"","sticky":false,"template":"","format":"standard","meta":{"footnotes":""},"categories":[3],"tags":[],"class_list":["post-10432","post","type-post","status-publish","format-standard","has-post-thumbnail","hentry","category-noticias"],"_links":{"self":[{"href":"https:\/\/hostnetart.com.br\/baixada\/wp-json\/wp\/v2\/posts\/10432","targetHints":{"allow":["GET"]}}],"collection":[{"href":"https:\/\/hostnetart.com.br\/baixada\/wp-json\/wp\/v2\/posts"}],"about":[{"href":"https:\/\/hostnetart.com.br\/baixada\/wp-json\/wp\/v2\/types\/post"}],"author":[{"embeddable":true,"href":"https:\/\/hostnetart.com.br\/baixada\/wp-json\/wp\/v2\/users\/2"}],"replies":[{"embeddable":true,"href":"https:\/\/hostnetart.com.br\/baixada\/wp-json\/wp\/v2\/comments?post=10432"}],"version-history":[{"count":0,"href":"https:\/\/hostnetart.com.br\/baixada\/wp-json\/wp\/v2\/posts\/10432\/revisions"}],"wp:featuredmedia":[{"embeddable":true,"href":"https:\/\/hostnetart.com.br\/baixada\/wp-json\/wp\/v2\/media\/10431"}],"wp:attachment":[{"href":"https:\/\/hostnetart.com.br\/baixada\/wp-json\/wp\/v2\/media?parent=10432"}],"wp:term":[{"taxonomy":"category","embeddable":true,"href":"https:\/\/hostnetart.com.br\/baixada\/wp-json\/wp\/v2\/categories?post=10432"},{"taxonomy":"post_tag","embeddable":true,"href":"https:\/\/hostnetart.com.br\/baixada\/wp-json\/wp\/v2\/tags?post=10432"}],"curies":[{"name":"wp","href":"https:\/\/api.w.org\/{rel}","templated":true}]}}