{"id":10430,"date":"2021-02-10T19:16:20","date_gmt":"2021-02-10T22:16:20","guid":{"rendered":"https:\/\/hostnetart.com.br\/baixada\/agencias-do-banco-do-brasil-amanhecem-sob-protestos\/"},"modified":"2021-02-10T19:16:20","modified_gmt":"2021-02-10T22:16:20","slug":"agencias-do-banco-do-brasil-amanhecem-sob-protestos","status":"publish","type":"post","link":"https:\/\/hostnetart.com.br\/baixada\/agencias-do-banco-do-brasil-amanhecem-sob-protestos\/","title":{"rendered":"Ag\u00eancias do Banco do Brasil amanhecem sob protestos"},"content":{"rendered":"<p>Diversas ag\u00eancias do Banco do Brasil permaneceram fechadas nesta quarta-feira (10) em todo pa\u00eds. Os\u00a0<a href=\"https:\/\/www.facebook.com\/media\/set\/?vanity=contrafcut&amp;set=a.4300959929917009\" target=\"_blank\" rel=\"noopener noreferrer\">funcion\u00e1rios cruzaram os bra\u00e7os<\/a>\u00a0em protesto contra o plano de reestrutura\u00e7\u00e3o do banco, que prev\u00ea 5 mil demiss\u00f5es, o fechamento de 112 ag\u00eancias, de 242 postos de atendimento e sete escrit\u00f3rios. Tamb\u00e9m ocorreram manifesta\u00e7\u00f5es p\u00fablicas nas ruas e c\u00e2maras municipais e distribu\u00eddos panfletos informativos \u00e0 popula\u00e7\u00e3o.<\/p>\n<p>\u201cTivemos ampla ades\u00e3o dos funcion\u00e1rios do Banco do Brasil neste dia de paralisa\u00e7\u00e3o, em todo o pa\u00eds, nesta quarta-feira (10). Os cofres do banco em S\u00e3o Paulo, Campinas e Bras\u00edlia ficaram fechados. E a paralisa\u00e7\u00e3o de hoje \u00e9 apenas mais uma no calend\u00e1rio de greves do BB, contra a execu\u00e7\u00e3o do plano de cortes de custos do banco. O desmonte promovido pelo governo prejudica n\u00e3o somente os trabalhadores, mas aos clientes, que t\u00eam o servi\u00e7o precarizado. Aguardamos a dire\u00e7\u00e3o do banco para negociar melhores condi\u00e7\u00f5es de trabalho e respeito \u00e0 popula\u00e7\u00e3o\u201d, disse, o coordenador da Comiss\u00e3o de Empresa dos Funcion\u00e1rios do Banco do Brasil, Jo\u00e3o Fukunaga.<\/p>\n<p>\u201cAs mudan\u00e7as afetam a vida dos funcion\u00e1rios que saem e dos que ficam, devido \u00e0 sobrecarga de trabalho e poss\u00edveis transfer\u00eancias. Mas, tamb\u00e9m podem afetar toda a economia, principalmente das cidades que perder\u00e3o ag\u00eancias e de toda a popula\u00e7\u00e3o, que ter\u00e1 o atendimento prejudicado. N\u00e3o d\u00e1 para o banco fazer um reestrutura\u00e7\u00e3o como esta sem conversar antes com as partes que ser\u00e3o afetadas\u201d, completou.<\/p>\n<p>O banco anunciou o pacote de reestrutura\u00e7\u00e3o em janeiro e, desde l\u00e1, funcion\u00e1rios e suas representa\u00e7\u00f5es sindicais buscam, em v\u00e3o, informa\u00e7\u00f5es sobre o plano para evitar danos aos funcion\u00e1rios e todos os demais afetados. Diante da nega\u00e7\u00e3o do banco em negociar, a Confedera\u00e7\u00e3o Nacional dos Trabalhadores do Ramo Financeiro (Contraf-CUT) solicitou a\u00a0<a href=\"https:\/\/contrafcut.com.br\/noticias\/comando-nacional-valoriza-e-cobra-respeito-as-negociacoes\/?swcfpc=1\" target=\"_blank\" rel=\"noopener noreferrer\">media\u00e7\u00e3o do Minist\u00e9rio P\u00fablico do Trabalho (MPT)<\/a>, mas at\u00e9 ontem as negocia\u00e7\u00f5es haviam sido infrut\u00edferas.<\/p>\n<p><strong>Fonte: Contraf-CUT<\/strong><\/p>\n","protected":false},"excerpt":{"rendered":"<p>Diversas ag\u00eancias do Banco do Brasil permaneceram fechadas nesta quarta-feira (10) em todo pa\u00eds. Os\u00a0funcion\u00e1rios cruzaram os bra\u00e7os\u00a0em protesto contra o plano de reestrutura\u00e7\u00e3o do banco, que prev\u00ea 5 mil demiss\u00f5es, o fechamento de 112 ag\u00eancias, de 242 postos de atendimento e sete escrit\u00f3rios. Tamb\u00e9m ocorreram manifesta\u00e7\u00f5es p\u00fablicas nas ruas e c\u00e2maras municipais e distribu\u00eddos [&hellip;]<\/p>\n","protected":false},"author":2,"featured_media":10429,"comment_status":"","ping_status":"","sticky":false,"template":"","format":"standard","meta":{"footnotes":""},"categories":[3],"tags":[],"class_list":["post-10430","post","type-post","status-publish","format-standard","has-post-thumbnail","hentry","category-noticias"],"_links":{"self":[{"href":"https:\/\/hostnetart.com.br\/baixada\/wp-json\/wp\/v2\/posts\/10430","targetHints":{"allow":["GET"]}}],"collection":[{"href":"https:\/\/hostnetart.com.br\/baixada\/wp-json\/wp\/v2\/posts"}],"about":[{"href":"https:\/\/hostnetart.com.br\/baixada\/wp-json\/wp\/v2\/types\/post"}],"author":[{"embeddable":true,"href":"https:\/\/hostnetart.com.br\/baixada\/wp-json\/wp\/v2\/users\/2"}],"replies":[{"embeddable":true,"href":"https:\/\/hostnetart.com.br\/baixada\/wp-json\/wp\/v2\/comments?post=10430"}],"version-history":[{"count":0,"href":"https:\/\/hostnetart.com.br\/baixada\/wp-json\/wp\/v2\/posts\/10430\/revisions"}],"wp:featuredmedia":[{"embeddable":true,"href":"https:\/\/hostnetart.com.br\/baixada\/wp-json\/wp\/v2\/media\/10429"}],"wp:attachment":[{"href":"https:\/\/hostnetart.com.br\/baixada\/wp-json\/wp\/v2\/media?parent=10430"}],"wp:term":[{"taxonomy":"category","embeddable":true,"href":"https:\/\/hostnetart.com.br\/baixada\/wp-json\/wp\/v2\/categories?post=10430"},{"taxonomy":"post_tag","embeddable":true,"href":"https:\/\/hostnetart.com.br\/baixada\/wp-json\/wp\/v2\/tags?post=10430"}],"curies":[{"name":"wp","href":"https:\/\/api.w.org\/{rel}","templated":true}]}}