{"id":1043,"date":"2014-04-22T00:00:00","date_gmt":"2014-04-22T03:00:00","guid":{"rendered":"https:\/\/hostnetart.com.br\/baixada\/gt-que-acompanha-projeto-piloto-de-seguranca-volta-a-se-reunir-no-dia-23\/"},"modified":"2014-04-22T00:00:00","modified_gmt":"2014-04-22T03:00:00","slug":"gt-que-acompanha-projeto-piloto-de-seguranca-volta-a-se-reunir-no-dia-23","status":"publish","type":"post","link":"https:\/\/hostnetart.com.br\/baixada\/gt-que-acompanha-projeto-piloto-de-seguranca-volta-a-se-reunir-no-dia-23\/","title":{"rendered":"GT que acompanha projeto-piloto de seguran\u00e7a volta a se reunir no dia 23"},"content":{"rendered":"<p>A Contraf-CUT e o Sindicato dos Banc\u00e1rios de Pernambuco voltam a se reunir com a Febraban na pr\u00f3xima quarta-feira, dia 23, \u00e0s 14h, em Recife, para continuar o acompanhamento do projeto-piloto de seguran\u00e7a banc\u00e1ria, implantado em 209 ag\u00eancias da capital pernambucana, Olinda e Jaboat\u00e3o dos Guararapes. Trata-se de uma das conquistas das negocia\u00e7\u00f5es da Campanha Nacional dos Banc\u00e1rios de 2012.<\/p>\n<p>Tamb\u00e9m dever\u00e3o participar da quarta reuni\u00e3o do Grupo de Trabalho (GT) os demais atores envolvidos no projeto-piloto, como a Secretaria de Defesa Social (SDS) do governo estadual, as prefeituras das tr\u00eas cidades, comandos das pol\u00edcias militar e civil e Minist\u00e9rio P\u00fablico.<\/p>\n<p>O projeto-piloto foi assinado no dia 14 de maio do ano passado, com prazo de 90 dias para instala\u00e7\u00e3o dos equipamentos previstos (porta girat\u00f3ria com detector de metais, c\u00e2meras internas e externas, biombos em frente aos caixas, guarda-volumes e cofres com retardo), al\u00e9m da presen\u00e7a de vigilantes armados e com coletes a prova de balas. A dura\u00e7\u00e3o \u00e9 de um ano.<\/p>\n<p>A \u00faltima reuni\u00e3o em Recife aconteceu no dia 20 de janeiro. Nos dois dias seguintes foram realizados encontros com os gestores das ag\u00eancias que integram o projeto-piloto. Ocorreram quatro reuni\u00f5es, uma para cada grupo de cerca de 50 gerentes, com duas horas de dura\u00e7\u00e3o, integrando os representantes das unidades no acompanhamento da iniciativa.<\/p>\n<p>E no dia 18 de mar\u00e7o, o Comando Nacional dos Banc\u00e1rios, coordenado pela Contraf-CUT, se reuniu com a Febraban, em S\u00e3o Paulo, para uma reuni\u00e3o de acompanhamento nacional, onde apontou avan\u00e7os e limita\u00e7\u00f5es no projeto-piloto. A reuni\u00e3o contou com a participa\u00e7\u00e3o do Coletivo Nacional de Seguran\u00e7a Banc\u00e1ria.<\/p>\n<p><strong>Expectativas<\/strong><\/p>\n<p>\u201cEsperamos obter novas informa\u00e7\u00f5es sobre o andamento do projeto-piloto, analisar as ocorr\u00eancias e verificar os pontos positivos e negativos\u201d, afirma o secret\u00e1rio de imprensa da Contraf-CUT e coordenador do Coletivo Nacional de Seguran\u00e7a Banc\u00e1ria, Ademir Wiederkehr.<\/p>\n<p>\u201cA expectativa dos banc\u00e1rios \u00e9 a extens\u00e3o das medidas aprovadas para todas as ag\u00eancias e postos de atendimento de todo o pa\u00eds, a fim de melhorar a seguran\u00e7a e proteger a vida das pessoas\u201d, refor\u00e7a o dirigente sindical.<\/p>\n<p>Fonte: Contraf-CUT<\/p>\n","protected":false},"excerpt":{"rendered":"<p>A Contraf-CUT e o Sindicato dos Banc\u00e1rios de Pernambuco voltam a se reunir com a Febraban na pr\u00f3xima quarta-feira, dia 23, \u00e0s 14h, em Recife, para continuar o acompanhamento do projeto-piloto de seguran\u00e7a banc\u00e1ria, implantado em 209 ag\u00eancias da capital pernambucana, Olinda e Jaboat\u00e3o dos Guararapes. Trata-se de uma das conquistas das negocia\u00e7\u00f5es da Campanha [&hellip;]<\/p>\n","protected":false},"author":1,"featured_media":0,"comment_status":"","ping_status":"","sticky":false,"template":"","format":"standard","meta":{"footnotes":""},"categories":[3],"tags":[],"class_list":["post-1043","post","type-post","status-publish","format-standard","hentry","category-noticias"],"_links":{"self":[{"href":"https:\/\/hostnetart.com.br\/baixada\/wp-json\/wp\/v2\/posts\/1043","targetHints":{"allow":["GET"]}}],"collection":[{"href":"https:\/\/hostnetart.com.br\/baixada\/wp-json\/wp\/v2\/posts"}],"about":[{"href":"https:\/\/hostnetart.com.br\/baixada\/wp-json\/wp\/v2\/types\/post"}],"author":[{"embeddable":true,"href":"https:\/\/hostnetart.com.br\/baixada\/wp-json\/wp\/v2\/users\/1"}],"replies":[{"embeddable":true,"href":"https:\/\/hostnetart.com.br\/baixada\/wp-json\/wp\/v2\/comments?post=1043"}],"version-history":[{"count":0,"href":"https:\/\/hostnetart.com.br\/baixada\/wp-json\/wp\/v2\/posts\/1043\/revisions"}],"wp:attachment":[{"href":"https:\/\/hostnetart.com.br\/baixada\/wp-json\/wp\/v2\/media?parent=1043"}],"wp:term":[{"taxonomy":"category","embeddable":true,"href":"https:\/\/hostnetart.com.br\/baixada\/wp-json\/wp\/v2\/categories?post=1043"},{"taxonomy":"post_tag","embeddable":true,"href":"https:\/\/hostnetart.com.br\/baixada\/wp-json\/wp\/v2\/tags?post=1043"}],"curies":[{"name":"wp","href":"https:\/\/api.w.org\/{rel}","templated":true}]}}