{"id":10428,"date":"2021-02-10T19:13:32","date_gmt":"2021-02-10T22:13:32","guid":{"rendered":"https:\/\/hostnetart.com.br\/baixada\/sindicato-dos-bancarios-da-baixada-fluminense-faz-ato-em-agencia-do-bb-em-nova-iguacu-pelo-dia-nacional-de-luta-e-luto\/"},"modified":"2021-02-10T19:13:32","modified_gmt":"2021-02-10T22:13:32","slug":"sindicato-dos-bancarios-da-baixada-fluminense-faz-ato-em-agencia-do-bb-em-nova-iguacu-pelo-dia-nacional-de-luta-e-luto","status":"publish","type":"post","link":"https:\/\/hostnetart.com.br\/baixada\/sindicato-dos-bancarios-da-baixada-fluminense-faz-ato-em-agencia-do-bb-em-nova-iguacu-pelo-dia-nacional-de-luta-e-luto\/","title":{"rendered":"Sindicato dos Banc\u00e1rios da Baixada Fluminense faz ato em ag\u00eancia do BB em Nova Igua\u00e7u pelo Dia Nacional de Luta e Luto"},"content":{"rendered":"<div class=\"\" data-block=\"true\" data-editor=\"e5i9h\" data-offset-key=\"8q7ui-0-0\">\n<div class=\"_1mf _1mj\" data-offset-key=\"8q7ui-0-0\"><span data-offset-key=\"8q7ui-0-0\">O Sindicato dos Banc\u00e1rios da\u00a0<\/span><span data-offset-key=\"8q7ui-1-0\">Baixada<\/span><span data-offset-key=\"8q7ui-2-0\">\u00a0Fluminense realizou ato nesta quarta-feira, dia 10 de Fevereiro, em Nova Igua\u00e7u pelo Dia Nacional de Luta e Luto, contra a reestrutura\u00e7\u00e3o que d\u00e1 in\u00edcio ao processo de privatiza\u00e7\u00e3o do Banco do Brasil, seguindo a orienta\u00e7\u00e3o do Comando Nacional dos Banc\u00e1rios. Al\u00e9m da Baixada Fluminense, em todo o pa\u00eds foram registradas manifesta\u00e7\u00f5es.<\/span><\/div>\n<\/div>\n<div class=\"\" data-block=\"true\" data-editor=\"e5i9h\" data-offset-key=\"anqmm-0-0\">\u00a0<\/div>\n<div class=\"\" data-block=\"true\" data-editor=\"e5i9h\" data-offset-key=\"anqmm-0-0\">Na sexta-feira (5), banc\u00e1rias e banc\u00e1rios\u00a0do Banco do Brasil, em todo o pa\u00eds, participaram de assembleias virtuais e aprovaram o Estado de Greve.\u00a0<\/div>\n<p>O Estado de Greve \u00e9 um alerta para que a dire\u00e7\u00e3o do banco e o governo se atente para as reivindica\u00e7\u00f5es dos trabalhadores e abram negocia\u00e7\u00e3o para que se evite a deflagra\u00e7\u00e3o da greve.<\/p>\n<p>Os funcion\u00e1rios est\u00e3o pressionando o banco para que o mesmo seja transparente e abra negocia\u00e7\u00f5es com rela\u00e7\u00e3o ao plano que prev\u00ea a demiss\u00e3o de 5 mil funcion\u00e1rios (em plena pandemia), al\u00e9m do fechamento de 112 ag\u00eancias, 242 postos de atendimento e sete escrit\u00f3rios.<\/p>\n<p>Confira as fotos em nossas redes sociais.\u00a0<\/p>\n","protected":false},"excerpt":{"rendered":"<p>O Sindicato dos Banc\u00e1rios da\u00a0Baixada\u00a0Fluminense realizou ato nesta quarta-feira, dia 10 de Fevereiro, em Nova Igua\u00e7u pelo Dia Nacional de Luta e Luto, contra a reestrutura\u00e7\u00e3o que d\u00e1 in\u00edcio ao processo de privatiza\u00e7\u00e3o do Banco do Brasil, seguindo a orienta\u00e7\u00e3o do Comando Nacional dos Banc\u00e1rios. Al\u00e9m da Baixada Fluminense, em todo o pa\u00eds foram registradas [&hellip;]<\/p>\n","protected":false},"author":2,"featured_media":10427,"comment_status":"","ping_status":"","sticky":false,"template":"","format":"standard","meta":{"footnotes":""},"categories":[3],"tags":[],"class_list":["post-10428","post","type-post","status-publish","format-standard","has-post-thumbnail","hentry","category-noticias"],"_links":{"self":[{"href":"https:\/\/hostnetart.com.br\/baixada\/wp-json\/wp\/v2\/posts\/10428","targetHints":{"allow":["GET"]}}],"collection":[{"href":"https:\/\/hostnetart.com.br\/baixada\/wp-json\/wp\/v2\/posts"}],"about":[{"href":"https:\/\/hostnetart.com.br\/baixada\/wp-json\/wp\/v2\/types\/post"}],"author":[{"embeddable":true,"href":"https:\/\/hostnetart.com.br\/baixada\/wp-json\/wp\/v2\/users\/2"}],"replies":[{"embeddable":true,"href":"https:\/\/hostnetart.com.br\/baixada\/wp-json\/wp\/v2\/comments?post=10428"}],"version-history":[{"count":0,"href":"https:\/\/hostnetart.com.br\/baixada\/wp-json\/wp\/v2\/posts\/10428\/revisions"}],"wp:featuredmedia":[{"embeddable":true,"href":"https:\/\/hostnetart.com.br\/baixada\/wp-json\/wp\/v2\/media\/10427"}],"wp:attachment":[{"href":"https:\/\/hostnetart.com.br\/baixada\/wp-json\/wp\/v2\/media?parent=10428"}],"wp:term":[{"taxonomy":"category","embeddable":true,"href":"https:\/\/hostnetart.com.br\/baixada\/wp-json\/wp\/v2\/categories?post=10428"},{"taxonomy":"post_tag","embeddable":true,"href":"https:\/\/hostnetart.com.br\/baixada\/wp-json\/wp\/v2\/tags?post=10428"}],"curies":[{"name":"wp","href":"https:\/\/api.w.org\/{rel}","templated":true}]}}