{"id":10426,"date":"2021-02-10T17:24:21","date_gmt":"2021-02-10T20:24:21","guid":{"rendered":"https:\/\/hostnetart.com.br\/baixada\/bancarios-precisam-ser-incluidos-nos-grupos-prioritarios-da-vacinacao\/"},"modified":"2021-02-10T17:24:21","modified_gmt":"2021-02-10T20:24:21","slug":"bancarios-precisam-ser-incluidos-nos-grupos-prioritarios-da-vacinacao","status":"publish","type":"post","link":"https:\/\/hostnetart.com.br\/baixada\/bancarios-precisam-ser-incluidos-nos-grupos-prioritarios-da-vacinacao\/","title":{"rendered":"Banc\u00e1rios precisam ser inclu\u00eddos nos grupos priorit\u00e1rios da vacina\u00e7\u00e3o"},"content":{"rendered":"<p>O Minist\u00e9rio P\u00fablico do Trabalho (MPT) divulgou na quarta-feira (9) um guia t\u00e9cnico destinado a procuradores da institui\u00e7\u00e3o, em que defende que trabalhadores que se recusarem a se vacinar contra a Covid-19 possam ser dispensados por justa causa. O MPT afirma que, no caso de demiss\u00e3o, o interesse coletivo se sobrep\u00f5e aos interesses individuais, conforme determina a Consolida\u00e7\u00e3o das Leis do Trabalho (CLT).<\/p>\n<p>No documento, a institui\u00e7\u00e3o lista normas brasileiras sobre sa\u00fade e seguran\u00e7a no trabalho para demonstrar que o objetivo da vacina\u00e7\u00e3o \u00e9 garantir o direito fundamental \u00e0 vida e \u00e0 sa\u00fade do trabalhador. Al\u00e9m disso, o MPT usa como argumento a favor da demiss\u00e3o a decis\u00e3o do Supremo Tribunal Federal (STF) de que o Estado pode impor san\u00e7\u00f5es a quem n\u00e3o se vacinar, como multa, impedimento de matr\u00edculas, entre outras. Para a institui\u00e7\u00e3o, a demiss\u00e3o por justa causa poderia funcionar como uma dessas medidas, desde que seguidas as regras previstas na CLT.<\/p>\n<p>De acordo com Mauro Salles, secret\u00e1rio de Sa\u00fade da Confedera\u00e7\u00e3o Nacional dos Trabalhadores do Ramo Financeiro (Contraf-CUT), a decis\u00e3o \u00e9 mais uma prova da import\u00e2ncia da vacina para toda a popula\u00e7\u00e3o Brasileira. \u201cDefendemos um consistente plano de vacina\u00e7\u00e3o, com regras claras, baseada em requisitos cient\u00edficos, e no qual as prioridades sejam estipuladas dentro de crit\u00e9rios epidemiol\u00f3gicos.\u201d<\/p>\n<p>O secret\u00e1rio lamenta a condu\u00e7\u00e3o do Governo Federal de prec\u00e1ria, o que for\u00e7a o Supremo Tribunal Federal (STF) a intervir, exigindo do governo medidas efetivas. \u201cNesse sentido, o Comando Nacional dos Banc\u00e1rios luta para que os banc\u00e1rios, como categoria essencial e que tem potencial alto de transmissibilidade do v\u00edrus, sejam inclu\u00eddos na fila de prioridades. N\u00e3o queremos furar a fila, mas queremos que a categoria tenha um n\u00edvel de prioridade pela caracter\u00edstica da atividade.\u201d<\/p>\n<p>A reinvindica\u00e7\u00e3o do Comando Nacional ganhou mais for\u00e7a com a defesa do rec\u00e9m eleito primeiro vice-presidente da C\u00e2mara, deputado Marcelo Ramos (PL-AM), uma vez que esses trabalhadores estariam em contato com milh\u00f5es de pessoas.\u00a0<a href=\"https:\/\/www1.folha.uol.com.br\/colunas\/painel\/2021\/02\/vice-presidente-da-camara-quer-bancarios-entre-prioritarios-da-vacina-caso-auxilio-emergencial-seja-retomado.shtml\" target=\"_blank\" rel=\"noopener noreferrer\">A informa\u00e7\u00e3o \u00e9 da coluna Painel, da Folha de S.Paulo, publicada na edi\u00e7\u00e3o desta segunda-feira<\/a>. \u201cN\u00e3o tem como negar que os banc\u00e1rios que trabalham na ponta, especialmente os da Caixa Econ\u00f4mica Federal, correm risco por causa do contato di\u00e1rio com milhares, at\u00e9 mesmo milh\u00f5es, de pessoas\u201d, disse Marcelo Ramos. Ainda segundo a Folha de S.Paulo, o parlamentar pediu \u00e0 \u201cassocia\u00e7\u00e3o dos banc\u00e1rios\u201d um levantamento sobre o n\u00famero de banc\u00e1rios que seriam beneficiados.<\/p>\n<p>Mauro Salles lembra, no entanto, que isso tudo n\u00e3o bastar\u00e1, se n\u00e3o tiver vacina dispon\u00edvel para todos. \u201cEis outra frente de luta para exigir que o governo federal se agilize, cumpra com sua responsabilidade e compre vacinas suficientes para vacinar a todos. \u00c9 inaceit\u00e1vel a postura do presidente que trata com desd\u00e9m a pandemia\u201d, disse. \u201cMas, enquanto a vacina e a imuniza\u00e7\u00e3o da popula\u00e7\u00e3o n\u00e3o acontecem, precisamos continuar nos cuidando e cuidando aos outros com as diversas medidas indicadas: higieniza\u00e7\u00e3o; m\u00e1scaras, distanciamento e, quem puder, fique em casa; para evitar aglomera\u00e7\u00e3o. Ainda mais com essa nova onda que se mostra mais agressiva\u201d, finalizou o secret\u00e1rio de Sa\u00fade da Contraf-CUT.<\/p>\n<p><strong>Fonte: Contraf-CUT<\/strong><\/p>\n","protected":false},"excerpt":{"rendered":"<p>O Minist\u00e9rio P\u00fablico do Trabalho (MPT) divulgou na quarta-feira (9) um guia t\u00e9cnico destinado a procuradores da institui\u00e7\u00e3o, em que defende que trabalhadores que se recusarem a se vacinar contra a Covid-19 possam ser dispensados por justa causa. O MPT afirma que, no caso de demiss\u00e3o, o interesse coletivo se sobrep\u00f5e aos interesses individuais, conforme [&hellip;]<\/p>\n","protected":false},"author":2,"featured_media":10425,"comment_status":"","ping_status":"","sticky":false,"template":"","format":"standard","meta":{"footnotes":""},"categories":[3],"tags":[],"class_list":["post-10426","post","type-post","status-publish","format-standard","has-post-thumbnail","hentry","category-noticias"],"_links":{"self":[{"href":"https:\/\/hostnetart.com.br\/baixada\/wp-json\/wp\/v2\/posts\/10426","targetHints":{"allow":["GET"]}}],"collection":[{"href":"https:\/\/hostnetart.com.br\/baixada\/wp-json\/wp\/v2\/posts"}],"about":[{"href":"https:\/\/hostnetart.com.br\/baixada\/wp-json\/wp\/v2\/types\/post"}],"author":[{"embeddable":true,"href":"https:\/\/hostnetart.com.br\/baixada\/wp-json\/wp\/v2\/users\/2"}],"replies":[{"embeddable":true,"href":"https:\/\/hostnetart.com.br\/baixada\/wp-json\/wp\/v2\/comments?post=10426"}],"version-history":[{"count":0,"href":"https:\/\/hostnetart.com.br\/baixada\/wp-json\/wp\/v2\/posts\/10426\/revisions"}],"wp:featuredmedia":[{"embeddable":true,"href":"https:\/\/hostnetart.com.br\/baixada\/wp-json\/wp\/v2\/media\/10425"}],"wp:attachment":[{"href":"https:\/\/hostnetart.com.br\/baixada\/wp-json\/wp\/v2\/media?parent=10426"}],"wp:term":[{"taxonomy":"category","embeddable":true,"href":"https:\/\/hostnetart.com.br\/baixada\/wp-json\/wp\/v2\/categories?post=10426"},{"taxonomy":"post_tag","embeddable":true,"href":"https:\/\/hostnetart.com.br\/baixada\/wp-json\/wp\/v2\/tags?post=10426"}],"curies":[{"name":"wp","href":"https:\/\/api.w.org\/{rel}","templated":true}]}}