{"id":10422,"date":"2021-02-10T17:22:40","date_gmt":"2021-02-10T20:22:40","guid":{"rendered":"https:\/\/hostnetart.com.br\/baixada\/comando-nacional-valoriza-e-cobra-respeito-as-negociacoes\/"},"modified":"2021-02-10T17:22:40","modified_gmt":"2021-02-10T20:22:40","slug":"comando-nacional-valoriza-e-cobra-respeito-as-negociacoes","status":"publish","type":"post","link":"https:\/\/hostnetart.com.br\/baixada\/comando-nacional-valoriza-e-cobra-respeito-as-negociacoes\/","title":{"rendered":"Comando Nacional valoriza e cobra respeito \u00e0s negocia\u00e7\u00f5es"},"content":{"rendered":"<p>Ao fim das negocia\u00e7\u00f5es sobre o plano de reestrutura\u00e7\u00e3o que prev\u00ea a demiss\u00e3o de 5 mil funcion\u00e1rios e o fechamento de 112 ag\u00eancias, 242 postos de atendimento e sete escrit\u00f3rios, o Banco do Brasil n\u00e3o atendeu as reivindica\u00e7\u00f5es dos trabalhadores e nem aceitou retirar as condi\u00e7\u00f5es para apresentar uma proposta.<\/p>\n<p><a href=\"https:\/\/contrafcut.com.br\/noticias\/contraf-cut-retoma-negociacoes-sobre-reestruturacoes-no-bb\/\" target=\"_blank\" rel=\"noopener noreferrer\">Na primeira parte da reuni\u00e3o<\/a>, o banco havia apresentado uma proposta de prorroga\u00e7\u00e3o de 30 dias no processo de retirada da gratifica\u00e7\u00e3o dos caixas, mas condicionou a proposta \u00e0 assinatura por todas as entidades do acordo de compensa\u00e7\u00e3o de horas em decorr\u00eancia da pandemia e do Acordo de Comiss\u00e3o de Concilia\u00e7\u00e3o Pr\u00e9via (CCP), ambos j\u00e1 em negocia\u00e7\u00e3o com a Contraf-CUT. O banco tamb\u00e9m exigia a retirada de a\u00e7\u00f5es judiciais em andamento contra o banco. A Contraf-CUT recusou a proposta e, depois disso, houve um intervalo nas negocia\u00e7\u00f5es.<\/p>\n<p>Na segunda parte da reuni\u00e3o de negocia\u00e7\u00f5es desta ter\u00e7a, o banco retirou at\u00e9 a proposta que havia feito antes e n\u00e3o deu prazo para que as entidades consultassem os funcion\u00e1rios sobre a proposta apresentada pela manh\u00e3.<\/p>\n<h3>Busca da media\u00e7\u00e3o<\/h3>\n<p>\u201cBuscamos a media\u00e7\u00e3o do MPT (Minist\u00e9rio P\u00fablico do Trabalho) em virtude da n\u00e3o resposta do banco ao nosso of\u00edcio que solicitava as negocia\u00e7\u00f5es, mas, mesmo com a medi\u00e7\u00e3o, as negocia\u00e7\u00f5es foram infrut\u00edferas\u201d, explicou secret\u00e1rio-geral da Confedera\u00e7\u00e3o Nacional dos Trabalhadores do Ramo Financeiro (Contraf-CUT), Gustavo Tabatinga, ao lembrar que,\u00a0<a href=\"https:\/\/contrafcut.com.br\/noticias\/funcionarios-do-bb-pressionam-banco-a-abrir-informacoes-sobre-reestruturacao\" target=\"_blank\" rel=\"noopener noreferrer\">desde quarta-feira (3)<\/a>, est\u00e3o ocorrendo reuni\u00f5es de negocia\u00e7\u00f5es entre os trabalhadores e o banco com a intermedia\u00e7\u00e3o do MPT.<\/p>\n<p>Ao fim da reuni\u00e3o, Tabatinga disse que a Contraf-CUT orienta que os sindicatos intensifiquem as atividades a partir desta quarta-feira (10), que \u00e9 quando o banco pretende dar in\u00edcio ao seu plano de reestrutura\u00e7\u00e3o, retirando todas as fun\u00e7\u00f5es de caixa. Ele lembrou, ainda, que os funcion\u00e1rios do BB aprovaram na \u00faltima sexta-feira (5) o Estado de Greve, em assembleias realizadas por sindicatos de todo o pa\u00eds. \u201cTemos que arrancar negocia\u00e7\u00e3o, os caixas n\u00e3o podem ficar sem sua gratifica\u00e7\u00e3o, principalmente nesse per\u00edodo de pandemia\u201d, completou.<\/p>\n<h3><strong>Comando solicita negocia\u00e7\u00e3o<\/strong><\/h3>\n<p>Apesar de orientar a intensifica\u00e7\u00e3o das manifesta\u00e7\u00f5es, os trabalhadores querem continuar as negocia\u00e7\u00f5es. Ao fim da media\u00e7\u00e3o o Comando Nacional dos Banc\u00e1rios solicitou uma reuni\u00e3o para continuar as tratativas.<\/p>\n<p>\u201cMostramos que estamos dispostos a negociar. Acreditamos na via negocial e queremos continuar as tratativas\u201d, disse o coordenador da Comiss\u00e3o de Empresa dos Funcion\u00e1rios do Banco do Brasil (CEBB), Jo\u00e3o Fukunaga. \u201cQueremos manter as gratifica\u00e7\u00f5es dos caixas e evitar que os trabalhadores sejam, mais uma vez, prejudicados\u201d, completou.<\/p>\n<h3><strong>Manifesta\u00e7\u00f5es<\/strong><\/h3>\n<p>Os trabalhadores j\u00e1 comunicaram ao banco que, nesta quarta-feira (10) ocorrer\u00e3o manifesta\u00e7\u00f5es nas ag\u00eancias do Banco do Brasil em todo o pa\u00eds e que foi decretado o Estado de Greve em assembleias realizadas em todo o pa\u00eds.<\/p>\n<p><strong>Fonte: Contraf-CUT<\/strong><\/p>\n","protected":false},"excerpt":{"rendered":"<p>Ao fim das negocia\u00e7\u00f5es sobre o plano de reestrutura\u00e7\u00e3o que prev\u00ea a demiss\u00e3o de 5 mil funcion\u00e1rios e o fechamento de 112 ag\u00eancias, 242 postos de atendimento e sete escrit\u00f3rios, o Banco do Brasil n\u00e3o atendeu as reivindica\u00e7\u00f5es dos trabalhadores e nem aceitou retirar as condi\u00e7\u00f5es para apresentar uma proposta. Na primeira parte da reuni\u00e3o, [&hellip;]<\/p>\n","protected":false},"author":2,"featured_media":10421,"comment_status":"","ping_status":"","sticky":false,"template":"","format":"standard","meta":{"footnotes":""},"categories":[3],"tags":[],"class_list":["post-10422","post","type-post","status-publish","format-standard","has-post-thumbnail","hentry","category-noticias"],"_links":{"self":[{"href":"https:\/\/hostnetart.com.br\/baixada\/wp-json\/wp\/v2\/posts\/10422","targetHints":{"allow":["GET"]}}],"collection":[{"href":"https:\/\/hostnetart.com.br\/baixada\/wp-json\/wp\/v2\/posts"}],"about":[{"href":"https:\/\/hostnetart.com.br\/baixada\/wp-json\/wp\/v2\/types\/post"}],"author":[{"embeddable":true,"href":"https:\/\/hostnetart.com.br\/baixada\/wp-json\/wp\/v2\/users\/2"}],"replies":[{"embeddable":true,"href":"https:\/\/hostnetart.com.br\/baixada\/wp-json\/wp\/v2\/comments?post=10422"}],"version-history":[{"count":0,"href":"https:\/\/hostnetart.com.br\/baixada\/wp-json\/wp\/v2\/posts\/10422\/revisions"}],"wp:featuredmedia":[{"embeddable":true,"href":"https:\/\/hostnetart.com.br\/baixada\/wp-json\/wp\/v2\/media\/10421"}],"wp:attachment":[{"href":"https:\/\/hostnetart.com.br\/baixada\/wp-json\/wp\/v2\/media?parent=10422"}],"wp:term":[{"taxonomy":"category","embeddable":true,"href":"https:\/\/hostnetart.com.br\/baixada\/wp-json\/wp\/v2\/categories?post=10422"},{"taxonomy":"post_tag","embeddable":true,"href":"https:\/\/hostnetart.com.br\/baixada\/wp-json\/wp\/v2\/tags?post=10422"}],"curies":[{"name":"wp","href":"https:\/\/api.w.org\/{rel}","templated":true}]}}