{"id":10420,"date":"2021-02-10T15:12:30","date_gmt":"2021-02-10T18:12:30","guid":{"rendered":"https:\/\/hostnetart.com.br\/baixada\/empregados-caixa-assinam-a-renovacao-do-acordo-da-ccv\/"},"modified":"2021-02-10T15:12:30","modified_gmt":"2021-02-10T18:12:30","slug":"empregados-caixa-assinam-a-renovacao-do-acordo-da-ccv","status":"publish","type":"post","link":"https:\/\/hostnetart.com.br\/baixada\/empregados-caixa-assinam-a-renovacao-do-acordo-da-ccv\/","title":{"rendered":"Empregados Caixa assinam a renova\u00e7\u00e3o do acordo da CCV"},"content":{"rendered":"<p>A Comiss\u00e3o Executiva dos Empregados da Caixa (CEE\/Caixa) assinou, nesta ter\u00e7a-feira (9), a minuta do acordo da Comiss\u00e3o de Concilia\u00e7\u00e3o Volunt\u00e1ria (CCV). Depois de v\u00e1rias reinvindica\u00e7\u00f5es, a Caixa fez a renova\u00e7\u00e3o do acordo que estava vencido desde 31 de dezembro de 2020, conforme indica\u00e7\u00e3o no Acordo Coletivo de Trabalho (ACT). Os empregados que precisam fazer a concilia\u00e7\u00e3o, j\u00e1 podem procurar os sindicatos dos banc\u00e1rios da sua regi\u00e3o para fazer a solicita\u00e7\u00e3o. O novo acordo tem vig\u00eancia at\u00e9 31 de dezembro de 2022.<\/p>\n<p>Com o fim da Campanha Nacional dos Banc\u00e1rios de 2020, os movimentos sindicais e entidades representativas dos empregados da Caixa t\u00eam cobrado a renova\u00e7\u00e3o da CCV. Segundo a coordenadora da CEE\/Caixa e secret\u00e1ria da Cultura da Confedera\u00e7\u00e3o Nacional dos Trabalhadores do Ramo Financeiro (Contraf-CUT), Fabiana Uehara Proscholdt, essa \u00e9 uma conquista para a manuten\u00e7\u00e3o dos direitos dos empregados Caixa. \u201cA CCV \u00e9 mais um instrumento importante para os empregados reivindicarem seus direitos, principalmente neste momento ap\u00f3s o PDV que aconteceu na Caixa. A Comiss\u00e3o resolveu os impasses com a Caixa e, desta forma, conseguimos fazer a renova\u00e7\u00e3o do acordo\u201d, ressaltou Fabiana.<\/p>\n<p>O presidente Federa\u00e7\u00e3o Nacional das Associa\u00e7\u00f5es do Pessoal da Caixa Econ\u00f4mica Federal (Fenae), Sergio Takemoto, tamb\u00e9m destacou a renova\u00e7\u00e3o da CCV como uma importante manuten\u00e7\u00e3o dos direitos dos empregados. \u201cO CCV permite que as demandas dos empregados sejam definidas sem a necessidade de uma a\u00e7\u00e3o judicial. Al\u00e9m disso, o empregado poder\u00e1 ter o acompanhamento direto das entidades sindicais e tomar a melhor decis\u00e3o\u201d, afirmou.<\/p>\n<h3>CCV renovada<\/h3>\n<p>A renova\u00e7\u00e3o do acordo permitir\u00e1 as entidades sindicais instituir ou manterem a CCV. Os sindicatos que manifestarem interesse na instala\u00e7\u00e3o dever\u00e3o fazer por meio do Termo de Ades\u00e3o. A composi\u00e7\u00e3o \u00e9 parit\u00e1ria, com dois integrantes da Caixa e dois membros indicados pelo sindicato.<\/p>\n<p>As sess\u00f5es conciliat\u00f3rias ser\u00e3o realizadas preferencialmente por meio de videoconfer\u00eancia. Esta foi uma solicita\u00e7\u00e3o dos empregados, principalmente devido \u00e0 pandemia causada pelo novo coronav\u00edrus (Covid-19). Caso o sindicato ou o empregado achar necess\u00e1rio, a sess\u00e3o presencial tamb\u00e9m poder\u00e1 ser feita.<\/p>\n<p><strong>Fonte: Contraf-CUT<\/strong><\/p>\n","protected":false},"excerpt":{"rendered":"<p>A Comiss\u00e3o Executiva dos Empregados da Caixa (CEE\/Caixa) assinou, nesta ter\u00e7a-feira (9), a minuta do acordo da Comiss\u00e3o de Concilia\u00e7\u00e3o Volunt\u00e1ria (CCV). Depois de v\u00e1rias reinvindica\u00e7\u00f5es, a Caixa fez a renova\u00e7\u00e3o do acordo que estava vencido desde 31 de dezembro de 2020, conforme indica\u00e7\u00e3o no Acordo Coletivo de Trabalho (ACT). Os empregados que precisam fazer [&hellip;]<\/p>\n","protected":false},"author":2,"featured_media":10419,"comment_status":"","ping_status":"","sticky":false,"template":"","format":"standard","meta":{"footnotes":""},"categories":[3],"tags":[],"class_list":["post-10420","post","type-post","status-publish","format-standard","has-post-thumbnail","hentry","category-noticias"],"_links":{"self":[{"href":"https:\/\/hostnetart.com.br\/baixada\/wp-json\/wp\/v2\/posts\/10420","targetHints":{"allow":["GET"]}}],"collection":[{"href":"https:\/\/hostnetart.com.br\/baixada\/wp-json\/wp\/v2\/posts"}],"about":[{"href":"https:\/\/hostnetart.com.br\/baixada\/wp-json\/wp\/v2\/types\/post"}],"author":[{"embeddable":true,"href":"https:\/\/hostnetart.com.br\/baixada\/wp-json\/wp\/v2\/users\/2"}],"replies":[{"embeddable":true,"href":"https:\/\/hostnetart.com.br\/baixada\/wp-json\/wp\/v2\/comments?post=10420"}],"version-history":[{"count":0,"href":"https:\/\/hostnetart.com.br\/baixada\/wp-json\/wp\/v2\/posts\/10420\/revisions"}],"wp:featuredmedia":[{"embeddable":true,"href":"https:\/\/hostnetart.com.br\/baixada\/wp-json\/wp\/v2\/media\/10419"}],"wp:attachment":[{"href":"https:\/\/hostnetart.com.br\/baixada\/wp-json\/wp\/v2\/media?parent=10420"}],"wp:term":[{"taxonomy":"category","embeddable":true,"href":"https:\/\/hostnetart.com.br\/baixada\/wp-json\/wp\/v2\/categories?post=10420"},{"taxonomy":"post_tag","embeddable":true,"href":"https:\/\/hostnetart.com.br\/baixada\/wp-json\/wp\/v2\/tags?post=10420"}],"curies":[{"name":"wp","href":"https:\/\/api.w.org\/{rel}","templated":true}]}}