{"id":10418,"date":"2021-02-09T19:54:10","date_gmt":"2021-02-09T22:54:10","guid":{"rendered":"https:\/\/hostnetart.com.br\/baixada\/contraf-cut-retoma-negociacoes-sobre-reestruturacoes-no-bb\/"},"modified":"2021-02-09T19:54:10","modified_gmt":"2021-02-09T22:54:10","slug":"contraf-cut-retoma-negociacoes-sobre-reestruturacoes-no-bb","status":"publish","type":"post","link":"https:\/\/hostnetart.com.br\/baixada\/contraf-cut-retoma-negociacoes-sobre-reestruturacoes-no-bb\/","title":{"rendered":"Contraf-CUT retoma negocia\u00e7\u00f5es sobre reestrutura\u00e7\u00f5es no BB"},"content":{"rendered":"<p>A Confedera\u00e7\u00e3o Nacional dos Trabalhadores do Ramo Financeiro (Contraf-CUT), com a media\u00e7\u00e3o do Minist\u00e9rio P\u00fablico do Trabalho (MPT), retomou, nesta ter\u00e7a-feira (9), as negocia\u00e7\u00f5es com o Banco do Brasil sobre as reestrutura\u00e7\u00f5es que o banco pretende realizar. A Contraf-CUT reivindica a suspens\u00e3o do descomissionamento de caixas e informa\u00e7\u00f5es sobre o novo processo de reestrutura\u00e7\u00e3o do Banco do Brasil.<\/p>\n<p>A Contraf-CUT representa aproximadamente 95% da categoria, mas\u00a0<a href=\"https:\/\/contrafcut.com.br\/noticias\/contraf-cut-cobra-resposta-do-bb-sobre-reestruturacao\">na segunda-feira (8)<\/a>, o banco havia condicionado a continuidade das negocia\u00e7\u00f5es \u00e0 participa\u00e7\u00e3o da outra confedera\u00e7\u00e3o e de tr\u00eas sindicatos n\u00e3o filiados.<\/p>\n<p>Na primeira parte da reuni\u00e3o, o banco apresentou uma proposta de prorroga\u00e7\u00e3o de 30 dias no processo de retirada da gratifica\u00e7\u00e3o dos caixas, mas condicionou a proposta \u00e0 assinatura por todas as entidades do acordo de compensa\u00e7\u00e3o de horas em decorr\u00eancia da pandemia e do Acordo de Comiss\u00e3o de Concilia\u00e7\u00e3o Pr\u00e9via (CCP), ambos j\u00e1 em negocia\u00e7\u00e3o com a Contraf-CUT. O banco tamb\u00e9m exige a retirada de a\u00e7\u00f5es judiciais em andamento contra o banco.<\/p>\n<p>A Contraf-CUT recusou a proposta. \u201cN\u00e3o podemos aceitar que o banco condicione a proposta a quest\u00f5es que n\u00e3o t\u00eam nenhuma liga\u00e7\u00e3o com o assunto em media\u00e7\u00e3o. Al\u00e9m disso, o banco aceita prorrogar a gratifica\u00e7\u00e3o por apenas 30 dias. Al\u00e9m disso, o banco se negou a listar as ag\u00eancias que ser\u00e3o fechadas, deixando trabalhadores e munic\u00edpios apreensivos, sem saber o que pode vir a acontecer\u201d, explicou o secret\u00e1rio-geral da Contraf-CUT, Gustavo Tabatinga, ao lembrar que muitas cidades brasileiras t\u00eam somente uma ag\u00eancia do Banco do Brasil. \u201cIsso pode prejudicar toda a economia destes munic\u00edpios\u201d, completou.<\/p>\n<p>As negocia\u00e7\u00f5es ser\u00e3o retomadas ainda nesta ter\u00e7a-feira, a partir das 17h.<\/p>\n<p><strong>Fonte: Contraf-CUT<\/strong><\/p>\n","protected":false},"excerpt":{"rendered":"<p>A Confedera\u00e7\u00e3o Nacional dos Trabalhadores do Ramo Financeiro (Contraf-CUT), com a media\u00e7\u00e3o do Minist\u00e9rio P\u00fablico do Trabalho (MPT), retomou, nesta ter\u00e7a-feira (9), as negocia\u00e7\u00f5es com o Banco do Brasil sobre as reestrutura\u00e7\u00f5es que o banco pretende realizar. A Contraf-CUT reivindica a suspens\u00e3o do descomissionamento de caixas e informa\u00e7\u00f5es sobre o novo processo de reestrutura\u00e7\u00e3o do [&hellip;]<\/p>\n","protected":false},"author":2,"featured_media":10417,"comment_status":"","ping_status":"","sticky":false,"template":"","format":"standard","meta":{"footnotes":""},"categories":[3],"tags":[],"class_list":["post-10418","post","type-post","status-publish","format-standard","has-post-thumbnail","hentry","category-noticias"],"_links":{"self":[{"href":"https:\/\/hostnetart.com.br\/baixada\/wp-json\/wp\/v2\/posts\/10418","targetHints":{"allow":["GET"]}}],"collection":[{"href":"https:\/\/hostnetart.com.br\/baixada\/wp-json\/wp\/v2\/posts"}],"about":[{"href":"https:\/\/hostnetart.com.br\/baixada\/wp-json\/wp\/v2\/types\/post"}],"author":[{"embeddable":true,"href":"https:\/\/hostnetart.com.br\/baixada\/wp-json\/wp\/v2\/users\/2"}],"replies":[{"embeddable":true,"href":"https:\/\/hostnetart.com.br\/baixada\/wp-json\/wp\/v2\/comments?post=10418"}],"version-history":[{"count":0,"href":"https:\/\/hostnetart.com.br\/baixada\/wp-json\/wp\/v2\/posts\/10418\/revisions"}],"wp:featuredmedia":[{"embeddable":true,"href":"https:\/\/hostnetart.com.br\/baixada\/wp-json\/wp\/v2\/media\/10417"}],"wp:attachment":[{"href":"https:\/\/hostnetart.com.br\/baixada\/wp-json\/wp\/v2\/media?parent=10418"}],"wp:term":[{"taxonomy":"category","embeddable":true,"href":"https:\/\/hostnetart.com.br\/baixada\/wp-json\/wp\/v2\/categories?post=10418"},{"taxonomy":"post_tag","embeddable":true,"href":"https:\/\/hostnetart.com.br\/baixada\/wp-json\/wp\/v2\/tags?post=10418"}],"curies":[{"name":"wp","href":"https:\/\/api.w.org\/{rel}","templated":true}]}}