{"id":10416,"date":"2021-02-09T18:09:12","date_gmt":"2021-02-09T21:09:12","guid":{"rendered":"https:\/\/hostnetart.com.br\/baixada\/sindicato-dos-bancarios-da-baixada-fluminense-reintegra-mais-dois-funcionarios-do-bradesco\/"},"modified":"2021-02-09T18:09:12","modified_gmt":"2021-02-09T21:09:12","slug":"sindicato-dos-bancarios-da-baixada-fluminense-reintegra-mais-dois-funcionarios-do-bradesco","status":"publish","type":"post","link":"https:\/\/hostnetart.com.br\/baixada\/sindicato-dos-bancarios-da-baixada-fluminense-reintegra-mais-dois-funcionarios-do-bradesco\/","title":{"rendered":"Sindicato dos Banc\u00e1rios da Baixada Fluminense reintegra mais dois funcion\u00e1rios do Bradesco"},"content":{"rendered":"<p>Na \u00faltima sexta-feira, 5 de fevereiro, o Sindicato dos Banc\u00e1rios da Baixada Fluminense, atrav\u00e9s de seus Departamentos Jur\u00eddico e de Sa\u00fade, reintegrou mais dois funcion\u00e1rios do Banco Bradesco.\u00a0<\/p>\n<div class=\"o9v6fnle cxmmr5t8 oygrvhab hcukyx3x c1et5uql ii04i59q\">\n<div dir=\"auto\">\n<div dir=\"auto\">\n<div dir=\"auto\">Wilson Carlos da Silva Lino, da\u00a0Ag\u00eancia 7043 (Avenida Doutor Luiz Guimar\u00e3es &#8211; Nova Igua\u00e7u) foi reintegrado ap\u00f3s decis\u00e3o da\u00a01a Vara do Trabalho de Nova Igua\u00e7u.<\/div>\n<div dir=\"auto\">\u00a0<\/div>\n<div dir=\"auto\">J\u00e1\u00a0Jorge Luis de Souza Bernardo, da\u00a0Ag\u00eancia 6892\u00a0(Avenida Benjamim Pinto Dias &#8211; Belford Roxo), foi reintegrado pela\u00a04a Vara do Trabalho de Nova Igua\u00e7u.\u00a0<\/div>\n<div dir=\"auto\">\u00a0<\/div>\n<div dir=\"auto\">S\u00e3o mais dois banc\u00e1rios que foram assistidos e reintegrados pelo\u00a0Departamento Jur\u00eddico do Sindicato dos Banc\u00e1rios da Baixada Fluminense, que vem obtendo resultados extraordin\u00e1rios e vem ajudando a reparar as injusti\u00e7as que os bancos vem cometendo em plena pandemia, mesmo com um acordo de n\u00e3o demiss\u00e3o.\u00a0<\/div>\n<div dir=\"auto\">\u00a0<\/div>\n<\/div>\n<\/div>\n<\/div>\n<div class=\"o9v6fnle cxmmr5t8 oygrvhab hcukyx3x c1et5uql ii04i59q\">\n<div dir=\"auto\"><strong>IMPORTANTE<\/strong><\/div>\n<div dir=\"auto\">\u00a0<\/div>\n<\/div>\n<div class=\"o9v6fnle cxmmr5t8 oygrvhab hcukyx3x c1et5uql ii04i59q\">\n<div dir=\"auto\">Em caso de demiss\u00e3o, a orienta\u00e7\u00e3o \u00e9 para que o banc\u00e1rio ou banc\u00e1ria entre em contato imediatamente com o Sindicato.<\/div>\n<div dir=\"auto\">\u00a0<\/div>\n<\/div>\n<div class=\"o9v6fnle cxmmr5t8 oygrvhab hcukyx3x c1et5uql ii04i59q\">\n<div dir=\"auto\"><span style=\"text-decoration: underline;\">SINDICALIZE-SE<\/span><\/div>\n<div dir=\"auto\">\u00a0<\/div>\n<div dir=\"auto\">\u00a0<\/div>\n<\/div>\n<p>\u00a0<\/p>\n<p>\u00a0<\/p>\n","protected":false},"excerpt":{"rendered":"<p>Na \u00faltima sexta-feira, 5 de fevereiro, o Sindicato dos Banc\u00e1rios da Baixada Fluminense, atrav\u00e9s de seus Departamentos Jur\u00eddico e de Sa\u00fade, reintegrou mais dois funcion\u00e1rios do Banco Bradesco.\u00a0 Wilson Carlos da Silva Lino, da\u00a0Ag\u00eancia 7043 (Avenida Doutor Luiz Guimar\u00e3es &#8211; Nova Igua\u00e7u) foi reintegrado ap\u00f3s decis\u00e3o da\u00a01a Vara do Trabalho de Nova Igua\u00e7u. \u00a0 J\u00e1\u00a0Jorge [&hellip;]<\/p>\n","protected":false},"author":2,"featured_media":10415,"comment_status":"","ping_status":"","sticky":false,"template":"","format":"standard","meta":{"footnotes":""},"categories":[3],"tags":[],"class_list":["post-10416","post","type-post","status-publish","format-standard","has-post-thumbnail","hentry","category-noticias"],"_links":{"self":[{"href":"https:\/\/hostnetart.com.br\/baixada\/wp-json\/wp\/v2\/posts\/10416","targetHints":{"allow":["GET"]}}],"collection":[{"href":"https:\/\/hostnetart.com.br\/baixada\/wp-json\/wp\/v2\/posts"}],"about":[{"href":"https:\/\/hostnetart.com.br\/baixada\/wp-json\/wp\/v2\/types\/post"}],"author":[{"embeddable":true,"href":"https:\/\/hostnetart.com.br\/baixada\/wp-json\/wp\/v2\/users\/2"}],"replies":[{"embeddable":true,"href":"https:\/\/hostnetart.com.br\/baixada\/wp-json\/wp\/v2\/comments?post=10416"}],"version-history":[{"count":0,"href":"https:\/\/hostnetart.com.br\/baixada\/wp-json\/wp\/v2\/posts\/10416\/revisions"}],"wp:featuredmedia":[{"embeddable":true,"href":"https:\/\/hostnetart.com.br\/baixada\/wp-json\/wp\/v2\/media\/10415"}],"wp:attachment":[{"href":"https:\/\/hostnetart.com.br\/baixada\/wp-json\/wp\/v2\/media?parent=10416"}],"wp:term":[{"taxonomy":"category","embeddable":true,"href":"https:\/\/hostnetart.com.br\/baixada\/wp-json\/wp\/v2\/categories?post=10416"},{"taxonomy":"post_tag","embeddable":true,"href":"https:\/\/hostnetart.com.br\/baixada\/wp-json\/wp\/v2\/tags?post=10416"}],"curies":[{"name":"wp","href":"https:\/\/api.w.org\/{rel}","templated":true}]}}