{"id":10414,"date":"2021-02-09T18:08:31","date_gmt":"2021-02-09T21:08:31","guid":{"rendered":"https:\/\/hostnetart.com.br\/baixada\/gt-saude-caixa-discute-mais-uma-vez-premissas-de-planos-de-saude\/"},"modified":"2021-02-09T18:08:31","modified_gmt":"2021-02-09T21:08:31","slug":"gt-saude-caixa-discute-mais-uma-vez-premissas-de-planos-de-saude","status":"publish","type":"post","link":"https:\/\/hostnetart.com.br\/baixada\/gt-saude-caixa-discute-mais-uma-vez-premissas-de-planos-de-saude\/","title":{"rendered":"GT Sa\u00fade Caixa discute mais uma vez premissas de planos de sa\u00fade"},"content":{"rendered":"<p>A 4\u00aa reuni\u00e3o do Grupo de Trabalho (GT) Sa\u00fade Caixa abordou temas conceituais sobre custeio dos planos de planos de sa\u00fade. O encontro aconteceu, excepcionalmente, nesta sexta-feira (05), por videoconfer\u00eancia. Na ocasi\u00e3o, a Caixa trouxe para a discuss\u00e3o aspectos gerais de conceitos como mutualismo e pacto intergeracional.<\/p>\n<p>Na vis\u00e3o do representante dos empregados do GT Sa\u00fade Caixa, membro da CEE\/Caixa e presidente da Apcef\/SP, Leonardo Quadros, os conceitos s\u00e3o importantes, mas o que os empregados esperam \u00e9 que haja o debate sobre os dados espec\u00edficos do Sa\u00fade Caixa. \u201cComo o objetivo \u00e9 que tenhamos um plano economicamente sustent\u00e1vel e financeiramente vi\u00e1vel para os empregados, o modelo de custeio precisa atender a solidariedade e o pacto intergeracional. Por\u00e9m, para discutirmos o modelo, precisamos que os dados atuais sejam apresentados para que possamos nos debru\u00e7ar sobre a real situa\u00e7\u00e3o do nosso plano, buscando inclusive formas de melhorar sua gest\u00e3o para reduzir os custos sem reduzir a qualidade\u201d, diz Leonardo.<\/p>\n<h3><strong>GT Sa\u00fade Caixa<\/strong><\/h3>\n<p>A instala\u00e7\u00e3o do grupo j\u00e1 vinha sendo cobrada desde a assinatura do Acordo Coletivo, dada a import\u00e2ncia que o Sa\u00fade Caixa tem para todos os empregados.<\/p>\n<p>O GT deve apresentar um formato de custeio de gest\u00e3o do Sa\u00fade Caixa at\u00e9 o dia 31 de julho de 2021 e, posteriormente, encaminhar o debate das propostas para Mesa Permanente. A Mesa dever\u00e1 eleger a (as) melhor (es) alternativa (s) de custeio para o plano. Depois a proposta ser\u00e1 encaminhada ao conhecimento dos empregados para vota\u00e7\u00e3o at\u00e9 31 de agosto de 2021. A mais votada ser\u00e1 implementada at\u00e9 2 de janeiro de 2022. O GT vai se reunir ordinariamente todas as quintas-feiras, das 14h \u00e0s 16h. N\u00e3o est\u00e3o descartadas outras reuni\u00f5es, caso necess\u00e1rio.<\/p>\n<p><strong>Fonte: Fenae<\/strong><\/p>\n","protected":false},"excerpt":{"rendered":"<p>A 4\u00aa reuni\u00e3o do Grupo de Trabalho (GT) Sa\u00fade Caixa abordou temas conceituais sobre custeio dos planos de planos de sa\u00fade. O encontro aconteceu, excepcionalmente, nesta sexta-feira (05), por videoconfer\u00eancia. Na ocasi\u00e3o, a Caixa trouxe para a discuss\u00e3o aspectos gerais de conceitos como mutualismo e pacto intergeracional. Na vis\u00e3o do representante dos empregados do GT [&hellip;]<\/p>\n","protected":false},"author":2,"featured_media":10413,"comment_status":"","ping_status":"","sticky":false,"template":"","format":"standard","meta":{"footnotes":""},"categories":[3],"tags":[],"class_list":["post-10414","post","type-post","status-publish","format-standard","has-post-thumbnail","hentry","category-noticias"],"_links":{"self":[{"href":"https:\/\/hostnetart.com.br\/baixada\/wp-json\/wp\/v2\/posts\/10414","targetHints":{"allow":["GET"]}}],"collection":[{"href":"https:\/\/hostnetart.com.br\/baixada\/wp-json\/wp\/v2\/posts"}],"about":[{"href":"https:\/\/hostnetart.com.br\/baixada\/wp-json\/wp\/v2\/types\/post"}],"author":[{"embeddable":true,"href":"https:\/\/hostnetart.com.br\/baixada\/wp-json\/wp\/v2\/users\/2"}],"replies":[{"embeddable":true,"href":"https:\/\/hostnetart.com.br\/baixada\/wp-json\/wp\/v2\/comments?post=10414"}],"version-history":[{"count":0,"href":"https:\/\/hostnetart.com.br\/baixada\/wp-json\/wp\/v2\/posts\/10414\/revisions"}],"wp:featuredmedia":[{"embeddable":true,"href":"https:\/\/hostnetart.com.br\/baixada\/wp-json\/wp\/v2\/media\/10413"}],"wp:attachment":[{"href":"https:\/\/hostnetart.com.br\/baixada\/wp-json\/wp\/v2\/media?parent=10414"}],"wp:term":[{"taxonomy":"category","embeddable":true,"href":"https:\/\/hostnetart.com.br\/baixada\/wp-json\/wp\/v2\/categories?post=10414"},{"taxonomy":"post_tag","embeddable":true,"href":"https:\/\/hostnetart.com.br\/baixada\/wp-json\/wp\/v2\/tags?post=10414"}],"curies":[{"name":"wp","href":"https:\/\/api.w.org\/{rel}","templated":true}]}}