{"id":10412,"date":"2021-02-09T17:14:36","date_gmt":"2021-02-09T20:14:36","guid":{"rendered":"https:\/\/hostnetart.com.br\/baixada\/contraf-cut-e-fenae-fazem-audiencia-com-mpt-sobre-a-perseguicao-aos-empregados-durante-a-reestruturacao-da-caixa\/"},"modified":"2021-02-09T17:14:36","modified_gmt":"2021-02-09T20:14:36","slug":"contraf-cut-e-fenae-fazem-audiencia-com-mpt-sobre-a-perseguicao-aos-empregados-durante-a-reestruturacao-da-caixa","status":"publish","type":"post","link":"https:\/\/hostnetart.com.br\/baixada\/contraf-cut-e-fenae-fazem-audiencia-com-mpt-sobre-a-perseguicao-aos-empregados-durante-a-reestruturacao-da-caixa\/","title":{"rendered":"Contraf-CUT e Fenae fazem audi\u00eancia com MPT sobre a persegui\u00e7\u00e3o aos empregados durante a reestrutura\u00e7\u00e3o da Caixa"},"content":{"rendered":"<p>A Confedera\u00e7\u00e3o Nacional dos Trabalhadores do Ramo Financeiro (Contraf-CUT) e a Federa\u00e7\u00e3o Nacional das Associa\u00e7\u00f5es do Pessoal da Caixa Econ\u00f4mica Federal (Fenae) realizaram, na segunda-feira (8), a primeira audi\u00eancia com o Minist\u00e9rio P\u00fablico do Trabalho sobre a persegui\u00e7\u00e3o aos empregados que est\u00e1 acontecendo na Caixa por todo o pa\u00eds, por meio da reestrutura\u00e7\u00e3o imposta pela gest\u00e3o do banco.<\/p>\n<p>No encontro com o procurador do trabalho, os representantes dos empregados informaram sobre as mudan\u00e7as injustificadas que v\u00eam sendo impostas pela gest\u00e3o do banco, sem planejamento. A secret\u00e1ria da Cultura da Contraf-CUT e coordenadora da Comiss\u00e3o Executiva dos Empregados (CEE\/Caixa), Fabiana Uehara Proscholdt, explicou que as persegui\u00e7\u00f5es estavam sendo feitas no pa\u00eds todo. \u201cFalamos sobre algumas den\u00fancias de persegui\u00e7\u00f5es que recebemos de empregados. S\u00e3o medidas discriminat\u00f3rias que v\u00eam sendo tomadas na quest\u00e3o da realoca\u00e7\u00e3o dos trabalhadores incorporados e aposentados ou pr\u00f3ximo \u00e0 aposentadoria\u201d, destacou.<\/p>\n<p>Fabiana ressaltou que os representantes dos empregados reconhecem a necessidade do refor\u00e7o para as ag\u00eancias, mas \u00e9 preciso dialogar com os trabalhadores e dar transpar\u00eancia \u00e0s a\u00e7\u00f5es. \u201cA Caixa precisa respeitar os empregados e informar as mudan\u00e7as para todos que ser\u00e3o atingidos. Al\u00e9m disso, n\u00f3s temos um Acordo Coletivo que prev\u00ea a negocia\u00e7\u00e3o com os trabalhadores antes de mudan\u00e7as como essas. E n\u00e3o fomos informados sobre isso\u201d, avaliou.<\/p>\n<p>O vice-presidente da Fenae, Marcos Saraiva, lembrou que a Contraf-CUT e a Federa\u00e7\u00e3o t\u00eam cobrado um posicionamento da Caixa quanto a transfer\u00eancia arbitr\u00e1ria dos empregados. \u201cEssa audi\u00eancia foi importante para informarmos ao Minist\u00e9rio P\u00fablico sobre as transfer\u00eancias arbitr\u00e1rias que a Caixa tem feito. N\u00e3o houve um aviso formal da Caixa comunicando sobre a medida e n\u00e3o houve tempo razo\u00e1vel para que os empregados pudessem entender o que estava acontecendo. E a medida gerou p\u00e2nico e inseguran\u00e7a entre os trabalhadores. Por isso, n\u00f3s estamos cobrando esse posicionamento da Caixa\u201d, afirmou.<\/p>\n<p>Em defesa, a Caixa reafirmou que n\u00e3o estava havendo reestrutura\u00e7\u00e3o e destacou que foi uma medida para refor\u00e7ar algumas \u00e1reas em decorr\u00eancia da pandemia da Covid-19.<\/p>\n<p>O procurador do trabalho deu um prazo de 30 dias par que a Caixa apresente as informa\u00e7\u00f5es solicitadas para ent\u00e3o definir os desdobramentos.<\/p>\n<p><strong>Fonte: Contraf-CUT<\/strong><\/p>\n","protected":false},"excerpt":{"rendered":"<p>A Confedera\u00e7\u00e3o Nacional dos Trabalhadores do Ramo Financeiro (Contraf-CUT) e a Federa\u00e7\u00e3o Nacional das Associa\u00e7\u00f5es do Pessoal da Caixa Econ\u00f4mica Federal (Fenae) realizaram, na segunda-feira (8), a primeira audi\u00eancia com o Minist\u00e9rio P\u00fablico do Trabalho sobre a persegui\u00e7\u00e3o aos empregados que est\u00e1 acontecendo na Caixa por todo o pa\u00eds, por meio da reestrutura\u00e7\u00e3o imposta pela [&hellip;]<\/p>\n","protected":false},"author":2,"featured_media":10411,"comment_status":"","ping_status":"","sticky":false,"template":"","format":"standard","meta":{"footnotes":""},"categories":[3],"tags":[],"class_list":["post-10412","post","type-post","status-publish","format-standard","has-post-thumbnail","hentry","category-noticias"],"_links":{"self":[{"href":"https:\/\/hostnetart.com.br\/baixada\/wp-json\/wp\/v2\/posts\/10412","targetHints":{"allow":["GET"]}}],"collection":[{"href":"https:\/\/hostnetart.com.br\/baixada\/wp-json\/wp\/v2\/posts"}],"about":[{"href":"https:\/\/hostnetart.com.br\/baixada\/wp-json\/wp\/v2\/types\/post"}],"author":[{"embeddable":true,"href":"https:\/\/hostnetart.com.br\/baixada\/wp-json\/wp\/v2\/users\/2"}],"replies":[{"embeddable":true,"href":"https:\/\/hostnetart.com.br\/baixada\/wp-json\/wp\/v2\/comments?post=10412"}],"version-history":[{"count":0,"href":"https:\/\/hostnetart.com.br\/baixada\/wp-json\/wp\/v2\/posts\/10412\/revisions"}],"wp:featuredmedia":[{"embeddable":true,"href":"https:\/\/hostnetart.com.br\/baixada\/wp-json\/wp\/v2\/media\/10411"}],"wp:attachment":[{"href":"https:\/\/hostnetart.com.br\/baixada\/wp-json\/wp\/v2\/media?parent=10412"}],"wp:term":[{"taxonomy":"category","embeddable":true,"href":"https:\/\/hostnetart.com.br\/baixada\/wp-json\/wp\/v2\/categories?post=10412"},{"taxonomy":"post_tag","embeddable":true,"href":"https:\/\/hostnetart.com.br\/baixada\/wp-json\/wp\/v2\/tags?post=10412"}],"curies":[{"name":"wp","href":"https:\/\/api.w.org\/{rel}","templated":true}]}}