{"id":10408,"date":"2021-02-09T13:57:35","date_gmt":"2021-02-09T16:57:35","guid":{"rendered":"https:\/\/hostnetart.com.br\/baixada\/contraf-cut-cobra-resposta-do-bb-sobre-reestruturacao\/"},"modified":"2021-02-09T13:57:35","modified_gmt":"2021-02-09T16:57:35","slug":"contraf-cut-cobra-resposta-do-bb-sobre-reestruturacao","status":"publish","type":"post","link":"https:\/\/hostnetart.com.br\/baixada\/contraf-cut-cobra-resposta-do-bb-sobre-reestruturacao\/","title":{"rendered":"Contraf-CUT cobra resposta do BB sobre reestrutura\u00e7\u00e3o"},"content":{"rendered":"<p>A Confedera\u00e7\u00e3o Nacional dos Trabalhadores do Ramo Financeiro (Contraf-CUT) realizou, nesta segunda-feira (8), mais uma reuni\u00e3o com o Banco do Brasil, Mediada pelo Minist\u00e9rio P\u00fablico do Trabalho (MPT) para exigir a suspens\u00e3o do descomissionamento de caixas e informa\u00e7\u00f5es sobre o novo processo de reestrutura\u00e7\u00e3o do Banco do Brasil. Mais uma vez, o banco n\u00e3o apresentou nenhuma informa\u00e7\u00e3o, nem se comprometeu com a suspens\u00e3o do processo.<\/p>\n<p>\u201cEstamos em um processo de negocia\u00e7\u00e3o com a media\u00e7\u00e3o do MPT. Amanh\u00e3 tem nova reuni\u00e3o. Queremos que o banco suspenda os procedimentos enquanto estivermos negociando. Mas, o banco se nega a negociar\u201d, informou o secret\u00e1rio-geral da Contraf-CUT, Gustavo Tabatinga. \u201cOs funcion\u00e1rios j\u00e1 aprovaram, em assembleias realizadas em todo o Brasil, um dia de paralisa\u00e7\u00e3o e o Estado de Greve. Essa reuni\u00e3o com media\u00e7\u00e3o do MPT \u00e9 importante para que fique claro que queremos negociar, mas o banco se negou\u201d, destacou.<\/p>\n<p>Na quarta-feira (3), j\u00e1 houve uma reuni\u00e3o entre as partes mediada pelo MPT e na sexta-feira (5) os funcion\u00e1rios aprovaram, em assembleias com vota\u00e7\u00e3o eletr\u00f4nica pela internet, uma paralisa\u00e7\u00e3o de 24 no dia 10 de fevereiro e a decreta\u00e7\u00e3o do Estado de Greve.<\/p>\n<p>\u201cA reestrutura\u00e7\u00e3o prevista para ter in\u00edcio da quarta-feira vai afetar a vida de milhares de pessoas. Mesmo assim, dois dias antes, o banco se nega a passar informa\u00e7\u00f5es sobre o processo. Querem pegar os trabalhadores de surpresa. Como estes v\u00e3o se virar, de um dia para o outro\u201d, criticou o coordenador da Comiss\u00e3o de Empresa dos Funcion\u00e1rios do Banco do Brasil, Jo\u00e3o Fukunaga.<\/p>\n<h3>Continuidade das negocia\u00e7\u00f5es<\/h3>\n<p>Os representantes do banco pediram a suspens\u00e3o da audi\u00eancia, pois a proposta da Contraf-CUT de suspens\u00e3o dos descomissionamentos de caixa, previstos para come\u00e7ar no dia 10\/2, quarta-feira, demanda an\u00e1lise pela dire\u00e7\u00e3o do banco.<\/p>\n<p>A reuni\u00e3o com a media\u00e7\u00e3o do MPT ser\u00e1 retomada nesta ter\u00e7a-feira (9) para se tentar buscar uma solu\u00e7\u00e3o. \u201cO banco p\u00f5e empecilhos. A Contraf-CUT representa aproximadamente 95% dos banc\u00e1rios do pa\u00eds. Mas o banco insiste que a negocia\u00e7\u00e3o contemple uma confedera\u00e7\u00e3o e tr\u00eas sindicatos independentes sobre os quais a Contraf-CUT n\u00e3o tem qualquer inger\u00eancia. N\u00e3o temos como garantir que as demais representa\u00e7\u00f5es fa\u00e7am parte da negocia\u00e7\u00e3o que contemple tamb\u00e9m uma outra confedera\u00e7\u00e3o e outros tr\u00eas sindicatos n\u00e3o filiados\u201d, destacou Tabatinga.<\/p>\n<p><strong>Fonte: Contraf-CUT<\/strong><\/p>\n","protected":false},"excerpt":{"rendered":"<p>A Confedera\u00e7\u00e3o Nacional dos Trabalhadores do Ramo Financeiro (Contraf-CUT) realizou, nesta segunda-feira (8), mais uma reuni\u00e3o com o Banco do Brasil, Mediada pelo Minist\u00e9rio P\u00fablico do Trabalho (MPT) para exigir a suspens\u00e3o do descomissionamento de caixas e informa\u00e7\u00f5es sobre o novo processo de reestrutura\u00e7\u00e3o do Banco do Brasil. Mais uma vez, o banco n\u00e3o apresentou [&hellip;]<\/p>\n","protected":false},"author":2,"featured_media":10407,"comment_status":"","ping_status":"","sticky":false,"template":"","format":"standard","meta":{"footnotes":""},"categories":[3],"tags":[],"class_list":["post-10408","post","type-post","status-publish","format-standard","has-post-thumbnail","hentry","category-noticias"],"_links":{"self":[{"href":"https:\/\/hostnetart.com.br\/baixada\/wp-json\/wp\/v2\/posts\/10408","targetHints":{"allow":["GET"]}}],"collection":[{"href":"https:\/\/hostnetart.com.br\/baixada\/wp-json\/wp\/v2\/posts"}],"about":[{"href":"https:\/\/hostnetart.com.br\/baixada\/wp-json\/wp\/v2\/types\/post"}],"author":[{"embeddable":true,"href":"https:\/\/hostnetart.com.br\/baixada\/wp-json\/wp\/v2\/users\/2"}],"replies":[{"embeddable":true,"href":"https:\/\/hostnetart.com.br\/baixada\/wp-json\/wp\/v2\/comments?post=10408"}],"version-history":[{"count":0,"href":"https:\/\/hostnetart.com.br\/baixada\/wp-json\/wp\/v2\/posts\/10408\/revisions"}],"wp:featuredmedia":[{"embeddable":true,"href":"https:\/\/hostnetart.com.br\/baixada\/wp-json\/wp\/v2\/media\/10407"}],"wp:attachment":[{"href":"https:\/\/hostnetart.com.br\/baixada\/wp-json\/wp\/v2\/media?parent=10408"}],"wp:term":[{"taxonomy":"category","embeddable":true,"href":"https:\/\/hostnetart.com.br\/baixada\/wp-json\/wp\/v2\/categories?post=10408"},{"taxonomy":"post_tag","embeddable":true,"href":"https:\/\/hostnetart.com.br\/baixada\/wp-json\/wp\/v2\/tags?post=10408"}],"curies":[{"name":"wp","href":"https:\/\/api.w.org\/{rel}","templated":true}]}}