{"id":10402,"date":"2021-02-08T20:33:21","date_gmt":"2021-02-08T23:33:21","guid":{"rendered":"https:\/\/hostnetart.com.br\/baixada\/bradesco-atende-pedido-da-contraf-cut-e-paga-plr-na-6-feira\/"},"modified":"2021-02-08T20:33:21","modified_gmt":"2021-02-08T23:33:21","slug":"bradesco-atende-pedido-da-contraf-cut-e-paga-plr-na-6-feira","status":"publish","type":"post","link":"https:\/\/hostnetart.com.br\/baixada\/bradesco-atende-pedido-da-contraf-cut-e-paga-plr-na-6-feira\/","title":{"rendered":"Bradesco atende pedido da Contraf-CUT e paga PLR na 6\u00aa feira"},"content":{"rendered":"<p>O banco Bradesco atendeu a solicita\u00e7\u00e3o da Confedera\u00e7\u00e3o Nacional dos Trabalhadores do Ramo Financeiro (Contraf-CUT) e vai antecipar o pagamento da segunda parcela da Participa\u00e7\u00e3o nos Lucros e Resultados (PLR) para esta sexta-feira (12).<\/p>\n<p>\u201cO banco poderia pagar at\u00e9 mar\u00e7o, mas, como em anos anteriores, conseguimos a antecipa\u00e7\u00e3o do pagamento para antes do Carnaval. Mesmo em per\u00edodo de pandemia, quando o recomendado \u00e9 permanecer em casa, a antecipa\u00e7\u00e3o ajuda muitos banc\u00e1rios a resolver quest\u00f5es financeiras. E n\u00e3o tem motivo para o banco segurar esse valor, uma vez que\u00a0<a href=\"https:\/\/contrafcut.com.br\/noticias\/bradesco-lucra-quase-r-20-bi-em-2020-mas-demite-e-fecha-agencias\/\">o lucro j\u00e1 foi divulgado na semana passada<\/a>\u201d, disse a coordenadora da Comiss\u00e3o de Organiza\u00e7\u00e3o dos Empregados (COE) do Bradesco, Magaly Fagundes.<\/p>\n<p>\u201cA PLR \u00e9 mais um dos direitos conquistados pelo movimento sindical depois de muitos anos de luta. \u00c9 resultado da mobiliza\u00e7\u00e3o da categoria e dos sindicatos na busca por seus direitos. \u00c9 a prova de que, quando nos unimos, somos fortes\u201d, afirmou a presidenta da Contraf-CUT, Juvandia Moreira. \u201cNa atual conjuntura, temos que ter a hist\u00f3ria de nossas conquistas como exemplo. \u00c9 momento de nos unirmos para lutar pela manuten\u00e7\u00e3o de nossos direitos e continuar nosso hist\u00f3rico de conquistas\u201d, completou a presidenta da Contraf-CUT.<\/p>\n<h3>Regras e valores<\/h3>\n<p>Acompanhe nossas redes sociais e site para mais informa\u00e7\u00f5es sobre os valores e as regras de pagamento.<\/p>\n<p><strong>Fonte: Contraf-CUT<\/strong><\/p>\n","protected":false},"excerpt":{"rendered":"<p>O banco Bradesco atendeu a solicita\u00e7\u00e3o da Confedera\u00e7\u00e3o Nacional dos Trabalhadores do Ramo Financeiro (Contraf-CUT) e vai antecipar o pagamento da segunda parcela da Participa\u00e7\u00e3o nos Lucros e Resultados (PLR) para esta sexta-feira (12). \u201cO banco poderia pagar at\u00e9 mar\u00e7o, mas, como em anos anteriores, conseguimos a antecipa\u00e7\u00e3o do pagamento para antes do Carnaval. Mesmo [&hellip;]<\/p>\n","protected":false},"author":2,"featured_media":10401,"comment_status":"","ping_status":"","sticky":false,"template":"","format":"standard","meta":{"footnotes":""},"categories":[3],"tags":[],"class_list":["post-10402","post","type-post","status-publish","format-standard","has-post-thumbnail","hentry","category-noticias"],"_links":{"self":[{"href":"https:\/\/hostnetart.com.br\/baixada\/wp-json\/wp\/v2\/posts\/10402","targetHints":{"allow":["GET"]}}],"collection":[{"href":"https:\/\/hostnetart.com.br\/baixada\/wp-json\/wp\/v2\/posts"}],"about":[{"href":"https:\/\/hostnetart.com.br\/baixada\/wp-json\/wp\/v2\/types\/post"}],"author":[{"embeddable":true,"href":"https:\/\/hostnetart.com.br\/baixada\/wp-json\/wp\/v2\/users\/2"}],"replies":[{"embeddable":true,"href":"https:\/\/hostnetart.com.br\/baixada\/wp-json\/wp\/v2\/comments?post=10402"}],"version-history":[{"count":0,"href":"https:\/\/hostnetart.com.br\/baixada\/wp-json\/wp\/v2\/posts\/10402\/revisions"}],"wp:featuredmedia":[{"embeddable":true,"href":"https:\/\/hostnetart.com.br\/baixada\/wp-json\/wp\/v2\/media\/10401"}],"wp:attachment":[{"href":"https:\/\/hostnetart.com.br\/baixada\/wp-json\/wp\/v2\/media?parent=10402"}],"wp:term":[{"taxonomy":"category","embeddable":true,"href":"https:\/\/hostnetart.com.br\/baixada\/wp-json\/wp\/v2\/categories?post=10402"},{"taxonomy":"post_tag","embeddable":true,"href":"https:\/\/hostnetart.com.br\/baixada\/wp-json\/wp\/v2\/tags?post=10402"}],"curies":[{"name":"wp","href":"https:\/\/api.w.org\/{rel}","templated":true}]}}