{"id":10400,"date":"2021-02-08T13:16:50","date_gmt":"2021-02-08T16:16:50","guid":{"rendered":"https:\/\/hostnetart.com.br\/baixada\/coletivo-de-mulheres-da-contraf-cut-se-reune-terca-feira\/"},"modified":"2021-02-08T13:16:50","modified_gmt":"2021-02-08T16:16:50","slug":"coletivo-de-mulheres-da-contraf-cut-se-reune-terca-feira","status":"publish","type":"post","link":"https:\/\/hostnetart.com.br\/baixada\/coletivo-de-mulheres-da-contraf-cut-se-reune-terca-feira\/","title":{"rendered":"Coletivo de Mulheres da Contraf-CUT se re\u00fane ter\u00e7a-feira"},"content":{"rendered":"<p>O Coletivo de Mulheres da Confedera\u00e7\u00e3o Nacional dos Trabalhadores do Ramo Financeiro (Contraf-CUT) vai se reunir na ter\u00e7a-feira (9) para definir uma agenda de atividades para 2021. \u00c9 o quarto coletivo de diversidade que se re\u00fane neste m\u00eas, com vistas \u00e0 reuni\u00e3o da Comiss\u00e3o de G\u00eanero, Ra\u00e7a e Orienta\u00e7\u00e3o Sexual (CGROS), dia 11, quando ser\u00e1 elaborado um calend\u00e1rio geral de atividades.<\/p>\n<p>\u201cEstamos iniciando 2021 e queremos pensar a\u00e7\u00f5es, n\u00e3o s\u00f3 na categoria, mas dentro do atual contexto social. Queremos impedir que se aprofunde ainda mais as desigualdades da popula\u00e7\u00e3o, na qual as mulheres s\u00e3o as grandes v\u00edtimas\u201d, disse a secret\u00e1ria da Mulher da Contraf, Elaine Cutis. A reuni\u00e3o do coletivo de Mulheres da Contraf-CUT ser\u00e1 realizada de forma virtual, com a participa\u00e7\u00e3o de representantes de sindicatos e federa\u00e7\u00f5es da categoria banc\u00e1ria.<\/p>\n<p>Para Elaine Cutis, a pandemia e o agravamento da crise econ\u00f4mica afetam diretamente as mulheres. \u201dO corte do aux\u00edlio emergencial aprofunda a desigualdade, levando muitas fam\u00edlias \u00e0 miserabilidade m\u00e1xima. Cresce a cada ano o n\u00famero de fam\u00edlias chefiada por mulheres. \u201cEssa crise, em todas as suas dimens\u00f5es, econ\u00f4mica, social e sanit\u00e1ria, est\u00e1 afetando a vida das mulheres de forma imensa. Por isso, a luta das mulheres \u00e9 mais do que nunca para manter o aux\u00edlio emergencial, al\u00e9m do nosso combate di\u00e1rio para conter a viol\u00eancia de g\u00eanero e os retrocessos que esse governo est\u00e1 impondo ao nosso povo\u201d, afirmou a secret\u00e1ria.<\/p>\n<p>J\u00e1 realizaram reuni\u00f5es os coletivos de Pessoas Com Defici\u00eancia (PCD), LGBTQI e de Combate ao Racismo.<\/p>\n<p><strong>Fonte: Contraf-CUT<\/strong><\/p>\n","protected":false},"excerpt":{"rendered":"<p>O Coletivo de Mulheres da Confedera\u00e7\u00e3o Nacional dos Trabalhadores do Ramo Financeiro (Contraf-CUT) vai se reunir na ter\u00e7a-feira (9) para definir uma agenda de atividades para 2021. \u00c9 o quarto coletivo de diversidade que se re\u00fane neste m\u00eas, com vistas \u00e0 reuni\u00e3o da Comiss\u00e3o de G\u00eanero, Ra\u00e7a e Orienta\u00e7\u00e3o Sexual (CGROS), dia 11, quando ser\u00e1 [&hellip;]<\/p>\n","protected":false},"author":2,"featured_media":10399,"comment_status":"","ping_status":"","sticky":false,"template":"","format":"standard","meta":{"footnotes":""},"categories":[3],"tags":[],"class_list":["post-10400","post","type-post","status-publish","format-standard","has-post-thumbnail","hentry","category-noticias"],"_links":{"self":[{"href":"https:\/\/hostnetart.com.br\/baixada\/wp-json\/wp\/v2\/posts\/10400","targetHints":{"allow":["GET"]}}],"collection":[{"href":"https:\/\/hostnetart.com.br\/baixada\/wp-json\/wp\/v2\/posts"}],"about":[{"href":"https:\/\/hostnetart.com.br\/baixada\/wp-json\/wp\/v2\/types\/post"}],"author":[{"embeddable":true,"href":"https:\/\/hostnetart.com.br\/baixada\/wp-json\/wp\/v2\/users\/2"}],"replies":[{"embeddable":true,"href":"https:\/\/hostnetart.com.br\/baixada\/wp-json\/wp\/v2\/comments?post=10400"}],"version-history":[{"count":0,"href":"https:\/\/hostnetart.com.br\/baixada\/wp-json\/wp\/v2\/posts\/10400\/revisions"}],"wp:featuredmedia":[{"embeddable":true,"href":"https:\/\/hostnetart.com.br\/baixada\/wp-json\/wp\/v2\/media\/10399"}],"wp:attachment":[{"href":"https:\/\/hostnetart.com.br\/baixada\/wp-json\/wp\/v2\/media?parent=10400"}],"wp:term":[{"taxonomy":"category","embeddable":true,"href":"https:\/\/hostnetart.com.br\/baixada\/wp-json\/wp\/v2\/categories?post=10400"},{"taxonomy":"post_tag","embeddable":true,"href":"https:\/\/hostnetart.com.br\/baixada\/wp-json\/wp\/v2\/tags?post=10400"}],"curies":[{"name":"wp","href":"https:\/\/api.w.org\/{rel}","templated":true}]}}