{"id":10398,"date":"2021-02-06T17:07:57","date_gmt":"2021-02-06T20:07:57","guid":{"rendered":"https:\/\/hostnetart.com.br\/baixada\/funcionarios-do-bb-aprovam-estado-de-greve\/"},"modified":"2021-02-06T17:07:57","modified_gmt":"2021-02-06T20:07:57","slug":"funcionarios-do-bb-aprovam-estado-de-greve","status":"publish","type":"post","link":"https:\/\/hostnetart.com.br\/baixada\/funcionarios-do-bb-aprovam-estado-de-greve\/","title":{"rendered":"Funcion\u00e1rios do BB aprovam Estado de Greve"},"content":{"rendered":"<p>Funcion\u00e1rios do Banco do Brasil em todo o pa\u00eds participaram na noite desta sexta-feira de assembleias realizadas pela internet e aprovaram o Estado de Greve. \u201cOs funcion\u00e1rios mostraram que querem negociar. Exigem que o banco seja transparente com rela\u00e7\u00e3o ao plano que est\u00e1 em implanta\u00e7\u00e3o. Queremos saber quantas e quais ag\u00eancias ser\u00e3o fechadas, quantos funcion\u00e1rios ser\u00e3o afetados e o que o banco pretende fazer para que os trabalhadores n\u00e3o sejam, mais uma vez, prejudicados\u201d, disse o coordenador da Comiss\u00e3o de Empresa dos Funcion\u00e1rios do Banco do Brasil (CEBB), Jo\u00e3o Fukunaga.<\/p>\n<p>O Estado de Greve \u00e9 um alerta para que a dire\u00e7\u00e3o do banco e o governo se atente para as reivindica\u00e7\u00f5es dos trabalhadores e abram negocia\u00e7\u00e3o para que se evite a deflagra\u00e7\u00e3o da greve.<\/p>\n<p>\u201cTemos que estar preparados para o pior, pois temos no comando do pa\u00eds um governo que, declaradamente, quer acabar com os diretos dos trabalhadores e que v\u00ea o funcionalismo como um problema para seu projeto privatista. Um governo que quer, a qualquer custo, acabar com o Banco do Brasil\u201d, completou a secret\u00e1ria de Juventude e representante da Confedera\u00e7\u00e3o Nacional dos Trabalhadores do Ramo Financeiro (Contraf-CUT) na CEBB, Fernanda Lopes.<\/p>\n<h3>Press\u00e3o<\/h3>\n<p>Os funcion\u00e1rios est\u00e3o pressionando o banco para que o mesmo seja transparente e abra negocia\u00e7\u00f5es com rela\u00e7\u00e3o ao plano que prev\u00ea a demiss\u00e3o de 5 mil funcion\u00e1rios (em plena pandemia), al\u00e9m do fechamento de 112 ag\u00eancias, 242 postos de atendimento e sete escrit\u00f3rios.<\/p>\n<p>Na quarta-feira (3), os funcion\u00e1rios realizaram reuni\u00e3o com o Minist\u00e9rio P\u00fablico do Trabalho (MPT) para pedir interven\u00e7\u00e3o do \u00f3rg\u00e3o na busca de informa\u00e7\u00f5es. \u201cProcuramos a intermedia\u00e7\u00e3o do MPT porque a dire\u00e7\u00e3o do banco, pela primeira vez, se recusou a nos informar sobre mudan\u00e7as que afetam os funcion\u00e1rios de forma contundente\u201d, afirmou o coordenador da CEBB, Jo\u00e3o Fukunaga.<\/p>\n<p>O banco se comprometeu na reuni\u00e3o a submeter a pauta com os pontos destacados pela Contraf-CUT \u00e0 inst\u00e2ncia superior e trazer a resposta at\u00e9 a pr\u00f3xima audi\u00eancia com o MPT, na segunda-feira (8).<\/p>\n<p><strong>Fonte: Contraf-CUT<\/strong><\/p>\n","protected":false},"excerpt":{"rendered":"<p>Funcion\u00e1rios do Banco do Brasil em todo o pa\u00eds participaram na noite desta sexta-feira de assembleias realizadas pela internet e aprovaram o Estado de Greve. \u201cOs funcion\u00e1rios mostraram que querem negociar. Exigem que o banco seja transparente com rela\u00e7\u00e3o ao plano que est\u00e1 em implanta\u00e7\u00e3o. Queremos saber quantas e quais ag\u00eancias ser\u00e3o fechadas, quantos funcion\u00e1rios [&hellip;]<\/p>\n","protected":false},"author":2,"featured_media":10397,"comment_status":"","ping_status":"","sticky":false,"template":"","format":"standard","meta":{"footnotes":""},"categories":[3],"tags":[],"class_list":["post-10398","post","type-post","status-publish","format-standard","has-post-thumbnail","hentry","category-noticias"],"_links":{"self":[{"href":"https:\/\/hostnetart.com.br\/baixada\/wp-json\/wp\/v2\/posts\/10398","targetHints":{"allow":["GET"]}}],"collection":[{"href":"https:\/\/hostnetart.com.br\/baixada\/wp-json\/wp\/v2\/posts"}],"about":[{"href":"https:\/\/hostnetart.com.br\/baixada\/wp-json\/wp\/v2\/types\/post"}],"author":[{"embeddable":true,"href":"https:\/\/hostnetart.com.br\/baixada\/wp-json\/wp\/v2\/users\/2"}],"replies":[{"embeddable":true,"href":"https:\/\/hostnetart.com.br\/baixada\/wp-json\/wp\/v2\/comments?post=10398"}],"version-history":[{"count":0,"href":"https:\/\/hostnetart.com.br\/baixada\/wp-json\/wp\/v2\/posts\/10398\/revisions"}],"wp:featuredmedia":[{"embeddable":true,"href":"https:\/\/hostnetart.com.br\/baixada\/wp-json\/wp\/v2\/media\/10397"}],"wp:attachment":[{"href":"https:\/\/hostnetart.com.br\/baixada\/wp-json\/wp\/v2\/media?parent=10398"}],"wp:term":[{"taxonomy":"category","embeddable":true,"href":"https:\/\/hostnetart.com.br\/baixada\/wp-json\/wp\/v2\/categories?post=10398"},{"taxonomy":"post_tag","embeddable":true,"href":"https:\/\/hostnetart.com.br\/baixada\/wp-json\/wp\/v2\/tags?post=10398"}],"curies":[{"name":"wp","href":"https:\/\/api.w.org\/{rel}","templated":true}]}}