{"id":10396,"date":"2021-02-05T20:26:53","date_gmt":"2021-02-05T23:26:53","guid":{"rendered":"https:\/\/hostnetart.com.br\/baixada\/diversidade-e-debatida-e-categoria-planeja-acoes\/"},"modified":"2021-02-05T20:26:53","modified_gmt":"2021-02-05T23:26:53","slug":"diversidade-e-debatida-e-categoria-planeja-acoes","status":"publish","type":"post","link":"https:\/\/hostnetart.com.br\/baixada\/diversidade-e-debatida-e-categoria-planeja-acoes\/","title":{"rendered":"Diversidade \u00e9 debatida e categoria planeja a\u00e7\u00f5es"},"content":{"rendered":"<p>Tr\u00eas coletivos da Confedera\u00e7\u00e3o Nacional dos Trabalhadores do Ramo Financeiro (Contraf-CUT) se reuniram para planejar suas atividades em 2021. Nesta quinta-feira (4), se reuniram os coletivos de Pessoas Com Defici\u00eancia (PCD) e LGBTQI. O Coletivo de Combate ao Racismo se reuniu com a mesma pauta, na ter\u00e7a-feira (2). No dia 9 ser\u00e1 a vez do Coletivo de Mulheres, que tamb\u00e9m vai preparar uma agenda de a\u00e7\u00f5es a ser discutida com os outros grupos na reuni\u00e3o da Comiss\u00e3o de G\u00eanero, Ra\u00e7a e Orienta\u00e7\u00e3o Sexual (CGROS), dia 11.<\/p>\n<p>\u201cO objetivo nosso \u00e9 formar esses coletivos e pensar as ideias e propostas para nosso planejamento da CGROS. Com esse planejamento geral vamos poder fazer negocia\u00e7\u00f5es com a Fenaban (Federa\u00e7\u00e3o Nacional dos Bancos), inclusive em mesas espec\u00edficas junto a cada banco. O tema da diversidade \u00e9 essencial\u201d, explicou a secret\u00e1ria de Pol\u00edticas Sociais, Rosalina Amorim.<\/p>\n<p>O Coletivo Nacional LGBTQI reuniu mais de 20 representes de sindicatos e federa\u00e7\u00f5es banc\u00e1rias de v\u00e1rios pontos do pa\u00eds. \u201cUma pauta muito forte nesse coletivo foi a da forma\u00e7\u00e3o.\u201d, informou a secret\u00e1ria. A forma\u00e7\u00e3o tamb\u00e9m foi preocupa\u00e7\u00e3o na discuss\u00e3o do Coletivo PCD.<\/p>\n<p>Participaram mais de 20 representantes de sindicatos e federa\u00e7\u00f5es da categoria na reuni\u00e3o do Coletivo PCD. \u201cOs participantes ficaram satisfeitos com a realiza\u00e7\u00e3o da reuni\u00e3o e constitui\u00e7\u00e3o desse coletivo. Defenderam que os bancos se adaptem nas suas estruturas f\u00edsicas, nos seus sites para permitir a maior acessibilidade\u201d, relatou Rosalina.<\/p>\n<p>O Coletivo Nacional de Combate ao Racismo j\u00e1 atuava anteriormente. \u201cFizemos a reuni\u00e3o do Coletivo Nacional de combate ao Racismo, com 24 participantes de todo o pa\u00eds. Ouvimos um pouco as experi\u00eancias de cada um. Eles apresentaram propostas para o semin\u00e1rio de planejamento da CGROS. Foi uma reuni\u00e3o bastante positiva. Conseguimos fazer um bom debate, ouvir as experi\u00eancias\u201d, relatou o secret\u00e1rio de Combate ao Racismo da Contraf-CUT, Almir Aguiar. Para o secret\u00e1rio, mesmo com a pandemia foi importante realizar a reuni\u00e3o de forma virtual. \u201cO atual governo despreza as lutas sociais, tanto de mulher, LGBTQI e do povo negro. Precisamos fortalecer nosso debate, n\u00e3o s\u00f3 para a categoria banc\u00e1ria com ampliar para todas as categorias e para a sociedade em geral, S\u00f3 assim vamos ter uma sociedade justa, igualit\u00e1ria e sem racismo\u201d, concluiu<\/p>\n<p><strong>Fonte: Contraf-CUT<\/strong><\/p>\n","protected":false},"excerpt":{"rendered":"<p>Tr\u00eas coletivos da Confedera\u00e7\u00e3o Nacional dos Trabalhadores do Ramo Financeiro (Contraf-CUT) se reuniram para planejar suas atividades em 2021. Nesta quinta-feira (4), se reuniram os coletivos de Pessoas Com Defici\u00eancia (PCD) e LGBTQI. O Coletivo de Combate ao Racismo se reuniu com a mesma pauta, na ter\u00e7a-feira (2). No dia 9 ser\u00e1 a vez do [&hellip;]<\/p>\n","protected":false},"author":2,"featured_media":10395,"comment_status":"","ping_status":"","sticky":false,"template":"","format":"standard","meta":{"footnotes":""},"categories":[3],"tags":[],"class_list":["post-10396","post","type-post","status-publish","format-standard","has-post-thumbnail","hentry","category-noticias"],"_links":{"self":[{"href":"https:\/\/hostnetart.com.br\/baixada\/wp-json\/wp\/v2\/posts\/10396","targetHints":{"allow":["GET"]}}],"collection":[{"href":"https:\/\/hostnetart.com.br\/baixada\/wp-json\/wp\/v2\/posts"}],"about":[{"href":"https:\/\/hostnetart.com.br\/baixada\/wp-json\/wp\/v2\/types\/post"}],"author":[{"embeddable":true,"href":"https:\/\/hostnetart.com.br\/baixada\/wp-json\/wp\/v2\/users\/2"}],"replies":[{"embeddable":true,"href":"https:\/\/hostnetart.com.br\/baixada\/wp-json\/wp\/v2\/comments?post=10396"}],"version-history":[{"count":0,"href":"https:\/\/hostnetart.com.br\/baixada\/wp-json\/wp\/v2\/posts\/10396\/revisions"}],"wp:featuredmedia":[{"embeddable":true,"href":"https:\/\/hostnetart.com.br\/baixada\/wp-json\/wp\/v2\/media\/10395"}],"wp:attachment":[{"href":"https:\/\/hostnetart.com.br\/baixada\/wp-json\/wp\/v2\/media?parent=10396"}],"wp:term":[{"taxonomy":"category","embeddable":true,"href":"https:\/\/hostnetart.com.br\/baixada\/wp-json\/wp\/v2\/categories?post=10396"},{"taxonomy":"post_tag","embeddable":true,"href":"https:\/\/hostnetart.com.br\/baixada\/wp-json\/wp\/v2\/tags?post=10396"}],"curies":[{"name":"wp","href":"https:\/\/api.w.org\/{rel}","templated":true}]}}