{"id":10394,"date":"2021-02-05T20:24:54","date_gmt":"2021-02-05T23:24:54","guid":{"rendered":"https:\/\/hostnetart.com.br\/baixada\/funcionarios-do-bb-pressionam-banco-a-abrir-informacoes-sobre-reestruturacao\/"},"modified":"2021-02-05T20:24:54","modified_gmt":"2021-02-05T23:24:54","slug":"funcionarios-do-bb-pressionam-banco-a-abrir-informacoes-sobre-reestruturacao","status":"publish","type":"post","link":"https:\/\/hostnetart.com.br\/baixada\/funcionarios-do-bb-pressionam-banco-a-abrir-informacoes-sobre-reestruturacao\/","title":{"rendered":"Funcion\u00e1rios do BB pressionam banco a abrir informa\u00e7\u00f5es sobre reestrutura\u00e7\u00e3o"},"content":{"rendered":"<p>Nesta quarta-feira (3), representantes da Confedera\u00e7\u00e3o da Confedera\u00e7\u00e3o Nacional dos Trabalhadores do Ramo Financeiro (Contraf-CUT) e da Comiss\u00e3o de Empresa dos Funcion\u00e1rios do Banco do Brasil (CEBB) se reuniram com integrantes do N\u00facleo Permanente de Incentivo \u00e0 Autocomposi\u00e7\u00e3o, ligado ao Minist\u00e9rio P\u00fablico do Trabalho (MPT). O encontro foi marcado pela falta de informa\u00e7\u00f5es sobre o plano de reestrutura\u00e7\u00e3o que a dire\u00e7\u00e3o do banco quer implantar. Os representantes dos funcion\u00e1rios pediram a intermedia\u00e7\u00e3o do MPT para a obten\u00e7\u00e3o de informa\u00e7\u00f5es.<\/p>\n<p>Participou da reuni\u00e3o o secret\u00e1rio-geral da Contraf-CUT, Gustavo Tabatinga, e o coordenador nacional da CEBB, Jo\u00e3o Fukunaga. Junto com os representantes do BB, eles foram recebidos pelo subprocurador-geral Francisco G\u00e9rson Marques de Lima, pela subprocuradora-geral Eliane Araque dos Santos e pela vice-procuradora-geral Maria Aparecida Gugel.<\/p>\n<p>Na reuni\u00e3o, os representantes dos funcion\u00e1rios lembraram que o MPT participou da media\u00e7\u00e3o sobre o Plano de Demiss\u00e3o Volunt\u00e1ria (PDV) apresentado pelo banco em 2016 e que situa\u00e7\u00f5es de fechamento de ag\u00eancias, tradicionalmente os bancos informam aos sindicatos. A exce\u00e7\u00e3o aconteceu agora, em 2021, quando o Banco do Brasil anunciou a reestrutura\u00e7\u00e3o com o plano de demiss\u00f5es e de fechamento de ag\u00eancias de postos de atendimento por todo o pa\u00eds sem passar as informa\u00e7\u00f5es, alegando raz\u00f5es de mercado. \u201cProcuramos a intermedia\u00e7\u00e3o do MPT porque a dire\u00e7\u00e3o do banco, pela primeira vez, se recusou a nos informar sobre mudan\u00e7as que afetam os funcion\u00e1rios de forma contundente\u201d, afirmou o coordenador da CEBB, Jo\u00e3o Fukunaga.<\/p>\n<p>\u201cJ\u00e1 iniciamos um processo de mobiliza\u00e7\u00e3o para fazer a dire\u00e7\u00e3o do banco a negociar a reestrutura\u00e7\u00e3o, diante da conduta da dire\u00e7\u00e3o do banco de n\u00e3o informar as entidades sindicais sobre o plano de restrutura\u00e7\u00e3o\u201d, afirmou o secret\u00e1rio-geral da Contraf-CUT, Gustavo Tabatinga. A Contraf-CUT ressaltou dois pontos essenciais para ser tratados o mais r\u00e1pido poss\u00edvel: as gratifica\u00e7\u00f5es para os caixas e informa\u00e7\u00f5es sobre quais ag\u00eancias ser\u00e3o fechadas.<\/p>\n<p>Os representantes do banco se comprometeram na reuni\u00e3o a submeter a pauta com os pontos destacados pela Contraf-CUT \u00e0 inst\u00e2ncia superior e trazer a resposta at\u00e9 a pr\u00f3xima audi\u00eancia com o MPT, na segunda-feira (8).<\/p>\n<p>\u201cEssa reestrutura\u00e7\u00e3o prejudica os funcion\u00e1rios, mas tamb\u00e9m a popula\u00e7\u00e3o. H\u00e1 cidades que s\u00f3 t\u00eam uma ag\u00eancia para atender a todos, e \u00e9 a ag\u00eancia do Banco do Brasil que vai se fechada agora. Estamos vendo um desmonte de um banco p\u00fablico que afeta a todos\u201d, declarou a presidenta da Contraf-CUT, Juvandia Moreira.<\/p>\n<p><strong>Fonte: Contraf-CUT<\/strong><\/p>\n","protected":false},"excerpt":{"rendered":"<p>Nesta quarta-feira (3), representantes da Confedera\u00e7\u00e3o da Confedera\u00e7\u00e3o Nacional dos Trabalhadores do Ramo Financeiro (Contraf-CUT) e da Comiss\u00e3o de Empresa dos Funcion\u00e1rios do Banco do Brasil (CEBB) se reuniram com integrantes do N\u00facleo Permanente de Incentivo \u00e0 Autocomposi\u00e7\u00e3o, ligado ao Minist\u00e9rio P\u00fablico do Trabalho (MPT). O encontro foi marcado pela falta de informa\u00e7\u00f5es sobre o [&hellip;]<\/p>\n","protected":false},"author":2,"featured_media":10393,"comment_status":"","ping_status":"","sticky":false,"template":"","format":"standard","meta":{"footnotes":""},"categories":[3],"tags":[],"class_list":["post-10394","post","type-post","status-publish","format-standard","has-post-thumbnail","hentry","category-noticias"],"_links":{"self":[{"href":"https:\/\/hostnetart.com.br\/baixada\/wp-json\/wp\/v2\/posts\/10394","targetHints":{"allow":["GET"]}}],"collection":[{"href":"https:\/\/hostnetart.com.br\/baixada\/wp-json\/wp\/v2\/posts"}],"about":[{"href":"https:\/\/hostnetart.com.br\/baixada\/wp-json\/wp\/v2\/types\/post"}],"author":[{"embeddable":true,"href":"https:\/\/hostnetart.com.br\/baixada\/wp-json\/wp\/v2\/users\/2"}],"replies":[{"embeddable":true,"href":"https:\/\/hostnetart.com.br\/baixada\/wp-json\/wp\/v2\/comments?post=10394"}],"version-history":[{"count":0,"href":"https:\/\/hostnetart.com.br\/baixada\/wp-json\/wp\/v2\/posts\/10394\/revisions"}],"wp:featuredmedia":[{"embeddable":true,"href":"https:\/\/hostnetart.com.br\/baixada\/wp-json\/wp\/v2\/media\/10393"}],"wp:attachment":[{"href":"https:\/\/hostnetart.com.br\/baixada\/wp-json\/wp\/v2\/media?parent=10394"}],"wp:term":[{"taxonomy":"category","embeddable":true,"href":"https:\/\/hostnetart.com.br\/baixada\/wp-json\/wp\/v2\/categories?post=10394"},{"taxonomy":"post_tag","embeddable":true,"href":"https:\/\/hostnetart.com.br\/baixada\/wp-json\/wp\/v2\/tags?post=10394"}],"curies":[{"name":"wp","href":"https:\/\/api.w.org\/{rel}","templated":true}]}}