{"id":10392,"date":"2021-02-05T20:14:42","date_gmt":"2021-02-05T23:14:42","guid":{"rendered":"https:\/\/hostnetart.com.br\/baixada\/coe-cobra-reuniao-sobre-fechamento-de-mais-450-agencias-do-bradesco\/"},"modified":"2021-02-05T20:14:42","modified_gmt":"2021-02-05T23:14:42","slug":"coe-cobra-reuniao-sobre-fechamento-de-mais-450-agencias-do-bradesco","status":"publish","type":"post","link":"https:\/\/hostnetart.com.br\/baixada\/coe-cobra-reuniao-sobre-fechamento-de-mais-450-agencias-do-bradesco\/","title":{"rendered":"COE cobra reuni\u00e3o sobre fechamento de mais 450 ag\u00eancias do Bradesco"},"content":{"rendered":"<p>No mesmo dia em que\u00a0<a href=\"https:\/\/contrafcut.com.br\/noticias\/bradesco-lucra-quase-r-20-bi-em-2020-mas-demite-e-fecha-agencias\/?swcfpc=1\" target=\"_blank\" rel=\"noopener noreferrer\">o Bradesco anunciou um lucro l\u00edquido recorrente de R$ 19,458 bilh\u00f5es<\/a>, o presidente do banco, Octavio de Lazari, disse em entrevista com jornalistas que deve reduzir em mais de um ter\u00e7o a sua rede de ag\u00eancias entre 2020 e 2021.<\/p>\n<p>O corte faz parte de um plano de reestrutura\u00e7\u00e3o de despesas que o banco j\u00e1 vem implementando desde o ano passado, quando fechou 7.754 postos de trabalho e 1.083 ag\u00eancias em 2020. A estimativa para este ano \u00e9 encerrar as atividades de mais 450 ag\u00eancias. Somado ao corte efetuado no ano passado, o n\u00famero significa uma redu\u00e7\u00e3o de 34,2% em rela\u00e7\u00e3o ao tamanho da rede em 2019, que contava com 4.478 ag\u00eancias.<\/p>\n<p>A Comiss\u00e3o de Organiza\u00e7\u00e3o dos Empregados (COE) Bradesco j\u00e1 solicitou uma reuni\u00e3o com o banco, que deve ser agendada para a segunda quinzena de fevereiro. \u201cN\u00f3s queremos entender o motivo de tantos fechamentos, pois os trabalhadores correm o risco de perder os empregos\u201d, afirmou Magaly Fagundes, coordenadora da COE Bradesco. \u201cQueremos saber como fica o emprego nesta nova reestrutura\u00e7\u00e3o. Pois, mesmo durante a pandemia e com um acordo para n\u00e3o demitir, o banco reduziu seu quadro de funcion\u00e1rios\u201d, finalizou.<\/p>\n<p><strong>Fonte: Contraf-CUT<\/strong><\/p>\n","protected":false},"excerpt":{"rendered":"<p>No mesmo dia em que\u00a0o Bradesco anunciou um lucro l\u00edquido recorrente de R$ 19,458 bilh\u00f5es, o presidente do banco, Octavio de Lazari, disse em entrevista com jornalistas que deve reduzir em mais de um ter\u00e7o a sua rede de ag\u00eancias entre 2020 e 2021. O corte faz parte de um plano de reestrutura\u00e7\u00e3o de despesas [&hellip;]<\/p>\n","protected":false},"author":2,"featured_media":10391,"comment_status":"","ping_status":"","sticky":false,"template":"","format":"standard","meta":{"footnotes":""},"categories":[3],"tags":[],"class_list":["post-10392","post","type-post","status-publish","format-standard","has-post-thumbnail","hentry","category-noticias"],"_links":{"self":[{"href":"https:\/\/hostnetart.com.br\/baixada\/wp-json\/wp\/v2\/posts\/10392","targetHints":{"allow":["GET"]}}],"collection":[{"href":"https:\/\/hostnetart.com.br\/baixada\/wp-json\/wp\/v2\/posts"}],"about":[{"href":"https:\/\/hostnetart.com.br\/baixada\/wp-json\/wp\/v2\/types\/post"}],"author":[{"embeddable":true,"href":"https:\/\/hostnetart.com.br\/baixada\/wp-json\/wp\/v2\/users\/2"}],"replies":[{"embeddable":true,"href":"https:\/\/hostnetart.com.br\/baixada\/wp-json\/wp\/v2\/comments?post=10392"}],"version-history":[{"count":0,"href":"https:\/\/hostnetart.com.br\/baixada\/wp-json\/wp\/v2\/posts\/10392\/revisions"}],"wp:featuredmedia":[{"embeddable":true,"href":"https:\/\/hostnetart.com.br\/baixada\/wp-json\/wp\/v2\/media\/10391"}],"wp:attachment":[{"href":"https:\/\/hostnetart.com.br\/baixada\/wp-json\/wp\/v2\/media?parent=10392"}],"wp:term":[{"taxonomy":"category","embeddable":true,"href":"https:\/\/hostnetart.com.br\/baixada\/wp-json\/wp\/v2\/categories?post=10392"},{"taxonomy":"post_tag","embeddable":true,"href":"https:\/\/hostnetart.com.br\/baixada\/wp-json\/wp\/v2\/tags?post=10392"}],"curies":[{"name":"wp","href":"https:\/\/api.w.org\/{rel}","templated":true}]}}