{"id":10388,"date":"2021-02-04T16:51:25","date_gmt":"2021-02-04T19:51:25","guid":{"rendered":"https:\/\/hostnetart.com.br\/baixada\/assembleia-dos-funcionarios-do-santander-e-nesta-terca-feira-9-2\/"},"modified":"2021-02-04T16:51:25","modified_gmt":"2021-02-04T19:51:25","slug":"assembleia-dos-funcionarios-do-santander-e-nesta-terca-feira-9-2","status":"publish","type":"post","link":"https:\/\/hostnetart.com.br\/baixada\/assembleia-dos-funcionarios-do-santander-e-nesta-terca-feira-9-2\/","title":{"rendered":"Assembleia dos funcion\u00e1rios do Santander \u00e9 nesta ter\u00e7a-feira (9\/2)"},"content":{"rendered":"<p>O Sindicato dos Banc\u00e1rios da Baixada Fluminense\u00a0realiza nesta ter\u00e7a-feira (9 de Fevereiro), Assembleia espec\u00edfica dos funcion\u00e1rios do Banco Santander, que ir\u00e1 apreciar e deliberar\u00a0sobre a proposta de aprova\u00e7\u00e3o do Acordo\u00a0Coletivo de Trabalho Aditivo ao Acordo Coletivo de\u00a0Trabalho sobre Compensa\u00e7\u00e3o de Jornada Regime\u00a0Especial (assinado em 04\/08\/2020), com vig\u00eancia\u00a0compreendida no per\u00edodo de 1\u00b0 de janeiro de 2021 a 31\u00a0de agosto de 2022 a ser celebrado com o\u00a0banco.\u00a0<\/p>\n<p><span style=\"font-size: 12.16px;\">A vota\u00e7\u00e3o ser\u00e1 de forma virtual, das 9h \u00e0s 20h.<\/span><\/p>\n<p><span style=\"font-size: 12.16px;\">Para votar e participar, basta acessar o link de vota\u00e7\u00e3o:\u00a0<a href=\"https:\/\/bancarios.votabem.com.br\/\">https:\/\/bancarios.votabem.com.br\/<\/a><\/span><\/p>\n<p><span style=\"font-size: 12.16px;\">O link tamb\u00e9m estar\u00e1 dispon\u00edvel em nosso site. (<\/span><a style=\"font-size: 12.16px;\" href=\"https:\/\/www.bancariosbaixada.org.br\/\">https:\/\/www.bancariosbaixada.org.br\/<\/a><span style=\"font-size: 12.16px;\">)<\/span><\/p>\n<p>PARTICIPE!\u00a0<\/p>\n<div class=\"\" data-block=\"true\" data-editor=\"cpevg\" data-offset-key=\"2dopo-0-0\">\n<div class=\"_1mf _1mj\" data-offset-key=\"2dopo-0-0\">\n<div class=\"\" data-block=\"true\" data-editor=\"cpevg\" data-offset-key=\"etst2-0-0\">\u00a0<\/div>\n<\/div>\n<\/div>\n<div class=\"\" data-block=\"true\" data-editor=\"cpevg\" data-offset-key=\"8rmga-0-0\">\n<div class=\"_1mf _1mj\" data-offset-key=\"8rmga-0-0\">\u00a0<\/div>\n<div class=\"_1mf _1mj\" data-offset-key=\"8rmga-0-0\">\u00a0<\/div>\n<\/div>\n","protected":false},"excerpt":{"rendered":"<p>O Sindicato dos Banc\u00e1rios da Baixada Fluminense\u00a0realiza nesta ter\u00e7a-feira (9 de Fevereiro), Assembleia espec\u00edfica dos funcion\u00e1rios do Banco Santander, que ir\u00e1 apreciar e deliberar\u00a0sobre a proposta de aprova\u00e7\u00e3o do Acordo\u00a0Coletivo de Trabalho Aditivo ao Acordo Coletivo de\u00a0Trabalho sobre Compensa\u00e7\u00e3o de Jornada Regime\u00a0Especial (assinado em 04\/08\/2020), com vig\u00eancia\u00a0compreendida no per\u00edodo de 1\u00b0 de janeiro de 2021 [&hellip;]<\/p>\n","protected":false},"author":2,"featured_media":10387,"comment_status":"","ping_status":"","sticky":false,"template":"","format":"standard","meta":{"footnotes":""},"categories":[3],"tags":[],"class_list":["post-10388","post","type-post","status-publish","format-standard","has-post-thumbnail","hentry","category-noticias"],"_links":{"self":[{"href":"https:\/\/hostnetart.com.br\/baixada\/wp-json\/wp\/v2\/posts\/10388","targetHints":{"allow":["GET"]}}],"collection":[{"href":"https:\/\/hostnetart.com.br\/baixada\/wp-json\/wp\/v2\/posts"}],"about":[{"href":"https:\/\/hostnetart.com.br\/baixada\/wp-json\/wp\/v2\/types\/post"}],"author":[{"embeddable":true,"href":"https:\/\/hostnetart.com.br\/baixada\/wp-json\/wp\/v2\/users\/2"}],"replies":[{"embeddable":true,"href":"https:\/\/hostnetart.com.br\/baixada\/wp-json\/wp\/v2\/comments?post=10388"}],"version-history":[{"count":0,"href":"https:\/\/hostnetart.com.br\/baixada\/wp-json\/wp\/v2\/posts\/10388\/revisions"}],"wp:featuredmedia":[{"embeddable":true,"href":"https:\/\/hostnetart.com.br\/baixada\/wp-json\/wp\/v2\/media\/10387"}],"wp:attachment":[{"href":"https:\/\/hostnetart.com.br\/baixada\/wp-json\/wp\/v2\/media?parent=10388"}],"wp:term":[{"taxonomy":"category","embeddable":true,"href":"https:\/\/hostnetart.com.br\/baixada\/wp-json\/wp\/v2\/categories?post=10388"},{"taxonomy":"post_tag","embeddable":true,"href":"https:\/\/hostnetart.com.br\/baixada\/wp-json\/wp\/v2\/tags?post=10388"}],"curies":[{"name":"wp","href":"https:\/\/api.w.org\/{rel}","templated":true}]}}