{"id":10386,"date":"2021-02-04T16:50:26","date_gmt":"2021-02-04T19:50:26","guid":{"rendered":"https:\/\/hostnetart.com.br\/baixada\/reuniao-da-cee-caixa-debate-metas-e-privatizacao\/"},"modified":"2021-02-04T16:50:26","modified_gmt":"2021-02-04T19:50:26","slug":"reuniao-da-cee-caixa-debate-metas-e-privatizacao","status":"publish","type":"post","link":"https:\/\/hostnetart.com.br\/baixada\/reuniao-da-cee-caixa-debate-metas-e-privatizacao\/","title":{"rendered":"Reuni\u00e3o da CEE\/Caixa debate metas e privatiza\u00e7\u00e3o"},"content":{"rendered":"<p>A Comiss\u00e3o Executiva dos Empregados da Caixa (CEE\/Caixa) se reuniu na tarde desta quarta-feira (3) para debater sobre as principais demandas dos empregados. No encontro, as pautas foram metas desumanas, Sa\u00fade Caixa e a agenda de privatiza\u00e7\u00e3o do governo federal e da dire\u00e7\u00e3o da Caixa.<\/p>\n<p>\u201cEstamos atentos \u00e0s demandas dos empregados. O GT Sa\u00fade Caixa est\u00e1 se reunindo semanalmente para definir a sustentabilidade do nosso plano e seguimos cobrando para que a Caixa pare com as metas desumanas. Os empregados est\u00e3o sobrecarregados e adoecendo\u201d, afirmou a coordenadora da CEE, Fabiana Uehara Proscholdt.<\/p>\n<p>Os representantes dos empregados tamb\u00e9m discutiram sobre a necessidade de mais contrata\u00e7\u00f5es na Caixa, apesar do an\u00fancio de 566 novos empregados. O banco precisa recompor cerca de 20 mil trabalhadores. A bandeira de mais empregados para a Caixa \u00e9 antiga e vem sendo reivindicada pela CEE em todas as mesas de negocia\u00e7\u00f5es.<\/p>\n<p>A representante dos empregados no Conselho de Administra\u00e7\u00e3o da Caixa Econ\u00f4mica Federal, Rita Serrano, tamb\u00e9m participou da reuni\u00e3o. Na ocasi\u00e3o, Rita tratou sobre a cria\u00e7\u00e3o de uma nova subsidi\u00e1ria para a cis\u00e3o da Caixa. A dire\u00e7\u00e3o da Caixa est\u00e1 criando uma nova institui\u00e7\u00e3o banc\u00e1ria, digital, e j\u00e1 est\u00e1 inserida na agenda de privatiza\u00e7\u00e3o. A medida esvazia a Caixa e fatia um patrim\u00f4nio dos brasileiros.<\/p>\n<p>Al\u00e9m disso, a privatiza\u00e7\u00e3o passa tamb\u00e9m por outra subsidi\u00e1ria. Nesta semana, o presidente da Caixa, Pedro Guimar\u00e3es, voltou a dizer que ir\u00e1 fazer o IPO da Caixa Seguridade, e j\u00e1 informou ao mercado sobre a medida.<\/p>\n<p>Outro debate foi sobre a normaliza\u00e7\u00e3o dos hor\u00e1rios das ag\u00eancias. A Comiss\u00e3o fez a solicita\u00e7\u00e3o \u00e0 Caixa para que as ag\u00eancias voltem ao atendimento no hor\u00e1rio normal.<\/p>\n<p><strong>Fonte: Contraf-CUT<\/strong><\/p>\n","protected":false},"excerpt":{"rendered":"<p>A Comiss\u00e3o Executiva dos Empregados da Caixa (CEE\/Caixa) se reuniu na tarde desta quarta-feira (3) para debater sobre as principais demandas dos empregados. No encontro, as pautas foram metas desumanas, Sa\u00fade Caixa e a agenda de privatiza\u00e7\u00e3o do governo federal e da dire\u00e7\u00e3o da Caixa. \u201cEstamos atentos \u00e0s demandas dos empregados. O GT Sa\u00fade Caixa [&hellip;]<\/p>\n","protected":false},"author":2,"featured_media":10385,"comment_status":"","ping_status":"","sticky":false,"template":"","format":"standard","meta":{"footnotes":""},"categories":[3],"tags":[],"class_list":["post-10386","post","type-post","status-publish","format-standard","has-post-thumbnail","hentry","category-noticias"],"_links":{"self":[{"href":"https:\/\/hostnetart.com.br\/baixada\/wp-json\/wp\/v2\/posts\/10386","targetHints":{"allow":["GET"]}}],"collection":[{"href":"https:\/\/hostnetart.com.br\/baixada\/wp-json\/wp\/v2\/posts"}],"about":[{"href":"https:\/\/hostnetart.com.br\/baixada\/wp-json\/wp\/v2\/types\/post"}],"author":[{"embeddable":true,"href":"https:\/\/hostnetart.com.br\/baixada\/wp-json\/wp\/v2\/users\/2"}],"replies":[{"embeddable":true,"href":"https:\/\/hostnetart.com.br\/baixada\/wp-json\/wp\/v2\/comments?post=10386"}],"version-history":[{"count":0,"href":"https:\/\/hostnetart.com.br\/baixada\/wp-json\/wp\/v2\/posts\/10386\/revisions"}],"wp:featuredmedia":[{"embeddable":true,"href":"https:\/\/hostnetart.com.br\/baixada\/wp-json\/wp\/v2\/media\/10385"}],"wp:attachment":[{"href":"https:\/\/hostnetart.com.br\/baixada\/wp-json\/wp\/v2\/media?parent=10386"}],"wp:term":[{"taxonomy":"category","embeddable":true,"href":"https:\/\/hostnetart.com.br\/baixada\/wp-json\/wp\/v2\/categories?post=10386"},{"taxonomy":"post_tag","embeddable":true,"href":"https:\/\/hostnetart.com.br\/baixada\/wp-json\/wp\/v2\/tags?post=10386"}],"curies":[{"name":"wp","href":"https:\/\/api.w.org\/{rel}","templated":true}]}}