{"id":10378,"date":"2021-02-04T16:42:18","date_gmt":"2021-02-04T19:42:18","guid":{"rendered":"https:\/\/hostnetart.com.br\/baixada\/bancarios-cobram-da-fenaban-mais-rigor-no-enfrentamento-da-pandemia\/"},"modified":"2021-02-04T16:42:18","modified_gmt":"2021-02-04T19:42:18","slug":"bancarios-cobram-da-fenaban-mais-rigor-no-enfrentamento-da-pandemia","status":"publish","type":"post","link":"https:\/\/hostnetart.com.br\/baixada\/bancarios-cobram-da-fenaban-mais-rigor-no-enfrentamento-da-pandemia\/","title":{"rendered":"Banc\u00e1rios cobram da Fenaban mais rigor no enfrentamento da pandemia"},"content":{"rendered":"<p>A retomada do teletrabalho e maior rigidez dos protocolos de sa\u00fade e seguran\u00e7a para enfrentar o agravamento da pandemia foram discutidas na reuni\u00e3o desta ter\u00e7a-feira (2), entre o Comando Nacional dos Banc\u00e1ri@s\u00a0e a Federa\u00e7\u00e3o Nacional dos Bancos (Fenaban). Para os representantes da categoria, essas e outras medidas protetivas s\u00e3o fundamentais enquanto os trabalhadores n\u00e3o recebam a vacina.<\/p>\n<p>A trag\u00e9dia em Manaus e a possibilidade de a nova cepa do coronav\u00edrus se espalhar para al\u00e9m da regi\u00e3o Norte do pa\u00eds foram a refer\u00eancia das discuss\u00f5es entre o Comando e a Fenaban. \u201cA popula\u00e7\u00e3o \u00e9 v\u00edtima da aus\u00eancia de gest\u00e3o do governo Bolsonaro e de um ministro da Sa\u00fade que n\u00e3o faz nada para combater a pandemia. Queremos que o governo providencie vacina para todo mundo. Por causa desse atraso, precisamos tamb\u00e9m colocar a categoria banc\u00e1ria como um setor essencial no calend\u00e1rio de vacina\u00e7\u00e3o. Tivemos aglomera\u00e7\u00f5es nas ag\u00eancias e isso \u00e9 um dos fatores de risco. Depois dos grupos priorit\u00e1rios a serem vacinados, queremos que a categoria seja inclu\u00edda pelo Minist\u00e9rio da Sa\u00fade como um dos setores essenciais no calend\u00e1rio da vacina\u201d, afirmou a coordenadora do Comando Nacional e presidenta da Confedera\u00e7\u00e3o Nacional dos Trabalhadores do Ramo Financeiro (Contraf-CUT), Juvandia Moreira.<\/p>\n<p><span style=\"text-decoration: underline;\">Agravamento<\/span><\/p>\n<p>Por causa do agravamento da pandemia, o Comando Nacional dos Banc\u00e1ri@s\u00a0e a Fenaban concordaram em fazer reuni\u00f5es regulares para discutir as medidas de prote\u00e7\u00e3o da categoria. O Brasil j\u00e1 superou a marca de 225 mil mortes causadas pelo coronav\u00edrus e se aproxima dos 10 milh\u00f5es de cont\u00e1gios. \u201c\u00c9 neste contexto de agravamento da doen\u00e7a que cobramos dos bancos a manuten\u00e7\u00e3o do teletrabalho, a rigidez dos protocolos se seguran\u00e7a e equipamentos em todos os locais\u201d, explicou Juvandia.<\/p>\n<p>O encontro ocorreu ap\u00f3s relatos de retorno ao trabalho presencial de banc\u00e1ri@s\u00a0de grupo de risco e que\u00a0d@s\u00a0que estavam em teletrabalho. \u201cPrecisamos nos antecipar ao s\u00e9rio risco que temos pela frente. Especialistas dizem que essa nova variamente do coronav\u00edrus est\u00e1 se espalhando. O risco \u00e9 termos uma megapandemia dentro de 60 dias. Como a vacina vai demorar, com essa esculhamba\u00e7\u00e3o do governo, precisamos refor\u00e7ar as medidas preventivas. \u00c9 uma quest\u00e3o de responsabilidade. Do final do ano passado at\u00e9 agora, houve um relaxamento enorme. O home office foi importante, distanciamento social, higiene, isso n\u00e3o mudou como formas de enfrentar a doen\u00e7a. A situa\u00e7\u00e3o pode ficar pior que no ano passado e por isso chamamos os bancos \u00e0 responsabilidade. Aumentou o n\u00famero de doentes na categoria e inclusive o n\u00famero de mortes.\u201d, alertou o secret\u00e1rio de Sa\u00fade do Trabalhador da Contraf-CUT, Mauro Salles Machado.<\/p>\n<p>Os representes da Fenaban disseram na reuni\u00e3o que atualmente metade da categoria est\u00e1 em teletrabalho e que v\u00e3o fazer uma discuss\u00e3o na entidade sobre a manuten\u00e7\u00e3o de trabalhadores em trabalho remoto. O secret\u00e1rio de Sa\u00fade do trabalhador da Contraf-CUT pediu que os bancos sejam mais criteriosos no controle da doen\u00e7a, principalmente na realiza\u00e7\u00e3o de testes em suspeitos de contamina\u00e7\u00e3o. \u201cO banc\u00e1rio tem sintomas e, muitas vezes, nem passa pelos m\u00e9dicos. O gestor manda ir \u00e0 farm\u00e1cia, fazer o teste e, se der negativo, volta a trabalhar\u201d, disse.<\/p>\n<p><span style=\"text-decoration: underline;\">Par\u00e1<\/span><\/p>\n<p>Participou da reuni\u00e3o a presidenta da Sindicato dos Banc\u00e1rios do Par\u00e1, Tatiana Oliveira, que falou sobre a situa\u00e7\u00e3o preocupante no Estado e em toda a regi\u00e3o Norte. \u201cA regi\u00e3o de Santar\u00e9m, no Oeste do Par\u00e1, est\u00e1 em lockdown. A doen\u00e7a se espalhou pelos munic\u00edpios pr\u00f3ximos. Um dos dados da doen\u00e7a \u00e9 de que para cada dez pacientes contaminados que v\u00e3o para a UTI, seis morrem. Na regi\u00e3o Norte, esse n\u00famero \u00e9 de oito para cada dez\u201d, relatou Tatiana, que acredita que a nova cepa do coronav\u00edrus j\u00e1 tenha se espalhado por todo o Par\u00e1.<\/p>\n<p><strong>Fonte: Contraf-CUT<\/strong><\/p>\n","protected":false},"excerpt":{"rendered":"<p>A retomada do teletrabalho e maior rigidez dos protocolos de sa\u00fade e seguran\u00e7a para enfrentar o agravamento da pandemia foram discutidas na reuni\u00e3o desta ter\u00e7a-feira (2), entre o Comando Nacional dos Banc\u00e1ri@s\u00a0e a Federa\u00e7\u00e3o Nacional dos Bancos (Fenaban). Para os representantes da categoria, essas e outras medidas protetivas s\u00e3o fundamentais enquanto os trabalhadores n\u00e3o recebam [&hellip;]<\/p>\n","protected":false},"author":2,"featured_media":10377,"comment_status":"","ping_status":"","sticky":false,"template":"","format":"standard","meta":{"footnotes":""},"categories":[3],"tags":[],"class_list":["post-10378","post","type-post","status-publish","format-standard","has-post-thumbnail","hentry","category-noticias"],"_links":{"self":[{"href":"https:\/\/hostnetart.com.br\/baixada\/wp-json\/wp\/v2\/posts\/10378","targetHints":{"allow":["GET"]}}],"collection":[{"href":"https:\/\/hostnetart.com.br\/baixada\/wp-json\/wp\/v2\/posts"}],"about":[{"href":"https:\/\/hostnetart.com.br\/baixada\/wp-json\/wp\/v2\/types\/post"}],"author":[{"embeddable":true,"href":"https:\/\/hostnetart.com.br\/baixada\/wp-json\/wp\/v2\/users\/2"}],"replies":[{"embeddable":true,"href":"https:\/\/hostnetart.com.br\/baixada\/wp-json\/wp\/v2\/comments?post=10378"}],"version-history":[{"count":0,"href":"https:\/\/hostnetart.com.br\/baixada\/wp-json\/wp\/v2\/posts\/10378\/revisions"}],"wp:featuredmedia":[{"embeddable":true,"href":"https:\/\/hostnetart.com.br\/baixada\/wp-json\/wp\/v2\/media\/10377"}],"wp:attachment":[{"href":"https:\/\/hostnetart.com.br\/baixada\/wp-json\/wp\/v2\/media?parent=10378"}],"wp:term":[{"taxonomy":"category","embeddable":true,"href":"https:\/\/hostnetart.com.br\/baixada\/wp-json\/wp\/v2\/categories?post=10378"},{"taxonomy":"post_tag","embeddable":true,"href":"https:\/\/hostnetart.com.br\/baixada\/wp-json\/wp\/v2\/tags?post=10378"}],"curies":[{"name":"wp","href":"https:\/\/api.w.org\/{rel}","templated":true}]}}