{"id":10376,"date":"2021-02-04T13:48:21","date_gmt":"2021-02-04T16:48:21","guid":{"rendered":"https:\/\/hostnetart.com.br\/baixada\/assembleia-que-ira-deliberar-sobre-paralisacao-do-bb-no-dia-10-02-sera-nesta-sexta-feira-5\/"},"modified":"2021-02-04T13:48:21","modified_gmt":"2021-02-04T16:48:21","slug":"assembleia-que-ira-deliberar-sobre-paralisacao-do-bb-no-dia-10-02-sera-nesta-sexta-feira-5","status":"publish","type":"post","link":"https:\/\/hostnetart.com.br\/baixada\/assembleia-que-ira-deliberar-sobre-paralisacao-do-bb-no-dia-10-02-sera-nesta-sexta-feira-5\/","title":{"rendered":"Assembleia que ir\u00e1 deliberar sobre paralisa\u00e7\u00e3o do BB no dia 10\/02 ser\u00e1 nesta sexta-feira (5)"},"content":{"rendered":"<p><span data-offset-key=\"etst2-0-0\">Funcion\u00e1rias e funcion\u00e1rios do Banco do Brasil ir\u00e3o deliberar em assembleia virtual, nesta sexta-feira (5 de Fevereiro), para apreciar e deliberar\u00a0sobre a proposta de decreta\u00e7\u00e3o de Estado\u00a0de Greve\u00a0no\u00a0dia 10\u00a0de fevereiro de 2021.<\/span><\/p>\n<div class=\"\" data-block=\"true\" data-editor=\"cpevg\" data-offset-key=\"etst2-0-0\">A assembleia ocorrer\u00e1 das 8h at\u00e9 as 18h.<\/div>\n<div class=\"\" data-block=\"true\" data-editor=\"cpevg\" data-offset-key=\"etst2-0-0\">\u00a0<\/div>\n<div class=\"\" data-block=\"true\" data-editor=\"cpevg\" data-offset-key=\"2dopo-0-0\">\n<div class=\"_1mf _1mj\" data-offset-key=\"2dopo-0-0\">\n<div class=\"\" data-block=\"true\" data-editor=\"cpevg\" data-offset-key=\"etst2-0-0\">Para votar e participar, basta acessar o link de vota\u00e7\u00e3o:\u00a0<a href=\"https:\/\/bancarios.votabem.com.br\/\">https:\/\/bancarios.votabem.com.br\/<\/a><\/div>\n<\/div>\n<\/div>\n<div class=\"\" data-block=\"true\" data-editor=\"cpevg\" data-offset-key=\"8rmga-0-0\">\n<div class=\"_1mf _1mj\" data-offset-key=\"8rmga-0-0\">\u00a0<\/div>\n<div class=\"_1mf _1mj\" data-offset-key=\"8rmga-0-0\">O link estar\u00e1, tamb\u00e9m, dispon\u00edvel em nosso site (<a href=\"http:\/\/www.bancariosbaixada.org.br\/\">http:\/\/www.bancariosbaixada.org.br\/<\/a>)<\/div>\n<div class=\"_1mf _1mj\" data-offset-key=\"8rmga-0-0\">\u00a0<\/div>\n<div class=\"_1mf _1mj\" data-offset-key=\"8rmga-0-0\">\u00a0<\/div>\n<\/div>\n","protected":false},"excerpt":{"rendered":"<p>Funcion\u00e1rias e funcion\u00e1rios do Banco do Brasil ir\u00e3o deliberar em assembleia virtual, nesta sexta-feira (5 de Fevereiro), para apreciar e deliberar\u00a0sobre a proposta de decreta\u00e7\u00e3o de Estado\u00a0de Greve\u00a0no\u00a0dia 10\u00a0de fevereiro de 2021. A assembleia ocorrer\u00e1 das 8h at\u00e9 as 18h. \u00a0 Para votar e participar, basta acessar o link de vota\u00e7\u00e3o:\u00a0https:\/\/bancarios.votabem.com.br\/ \u00a0 O link estar\u00e1, [&hellip;]<\/p>\n","protected":false},"author":2,"featured_media":10375,"comment_status":"","ping_status":"","sticky":false,"template":"","format":"standard","meta":{"footnotes":""},"categories":[3],"tags":[],"class_list":["post-10376","post","type-post","status-publish","format-standard","has-post-thumbnail","hentry","category-noticias"],"_links":{"self":[{"href":"https:\/\/hostnetart.com.br\/baixada\/wp-json\/wp\/v2\/posts\/10376","targetHints":{"allow":["GET"]}}],"collection":[{"href":"https:\/\/hostnetart.com.br\/baixada\/wp-json\/wp\/v2\/posts"}],"about":[{"href":"https:\/\/hostnetart.com.br\/baixada\/wp-json\/wp\/v2\/types\/post"}],"author":[{"embeddable":true,"href":"https:\/\/hostnetart.com.br\/baixada\/wp-json\/wp\/v2\/users\/2"}],"replies":[{"embeddable":true,"href":"https:\/\/hostnetart.com.br\/baixada\/wp-json\/wp\/v2\/comments?post=10376"}],"version-history":[{"count":0,"href":"https:\/\/hostnetart.com.br\/baixada\/wp-json\/wp\/v2\/posts\/10376\/revisions"}],"wp:featuredmedia":[{"embeddable":true,"href":"https:\/\/hostnetart.com.br\/baixada\/wp-json\/wp\/v2\/media\/10375"}],"wp:attachment":[{"href":"https:\/\/hostnetart.com.br\/baixada\/wp-json\/wp\/v2\/media?parent=10376"}],"wp:term":[{"taxonomy":"category","embeddable":true,"href":"https:\/\/hostnetart.com.br\/baixada\/wp-json\/wp\/v2\/categories?post=10376"},{"taxonomy":"post_tag","embeddable":true,"href":"https:\/\/hostnetart.com.br\/baixada\/wp-json\/wp\/v2\/tags?post=10376"}],"curies":[{"name":"wp","href":"https:\/\/api.w.org\/{rel}","templated":true}]}}