{"id":10372,"date":"2021-02-03T18:07:24","date_gmt":"2021-02-03T21:07:24","guid":{"rendered":"https:\/\/hostnetart.com.br\/baixada\/bancaria-do-bradesco-e-reintegrada-pelo-sindicato-dos-bancarios-da-baixada-fluminense\/"},"modified":"2021-02-03T18:07:24","modified_gmt":"2021-02-03T21:07:24","slug":"bancaria-do-bradesco-e-reintegrada-pelo-sindicato-dos-bancarios-da-baixada-fluminense","status":"publish","type":"post","link":"https:\/\/hostnetart.com.br\/baixada\/bancaria-do-bradesco-e-reintegrada-pelo-sindicato-dos-bancarios-da-baixada-fluminense\/","title":{"rendered":"Banc\u00e1ria do Bradesco \u00e9 reintegrada pelo Sindicato dos Banc\u00e1rios da Baixada Fluminense"},"content":{"rendered":"<p>Nesta \u00faltima ter\u00e7a-feira, dia 2 de fevereiro, mais uma banc\u00e1ria do Banco Bradesco foi reintegrada pelo Sindicato dos Banc\u00e1rios da Baixada Fluminense, atrav\u00e9s de seus Departamentos Jur\u00eddico e de Sa\u00fade. A reintegra\u00e7\u00e3o foi feita ap\u00f3s decis\u00e3o judicial proferida pela 6a Vara do Trabalho de Duque de Caxias.<\/p>\n<p>Ap\u00f3s esta decis\u00e3o, a banc\u00e1ria Debora de Oliveira da Silva, demitida em plana pandemia do novo coronav\u00edrus, foi reintegrada \u00e0s\u00a0suas fun\u00e7\u00f5es.<\/p>\n<p>ENTENDA O CASO<\/p>\n<p>Os bancos vem contrariando o compromisso firmado com a categoria banc\u00e1ria de n\u00e3o demitir durante a pandemia.\u00a0<\/p>\n<p>Debora, ao ser comunicada de sua demiss\u00e3o, procurou atendimento no Sindicato.\u00a0<\/p>\n<p>Ap\u00f3s o primeiro contato, a banc\u00e1ria saiu do Sindicato com a certeza de que sua demiss\u00e3o seria revertida. O Departamento Jur\u00eddico do Sindicato dos Banc\u00e1rios da Baixada Fluminense, que vem trabalhando duro no combate \u00e0s injusti\u00e7as praticadas pelos grandes banco, obteve mais uma vit\u00f3ria e conseguiu a reintegra\u00e7\u00e3o da trabalhadora.\u00a0<\/p>\n<p>IMPORTANTE<\/p>\n<p>Em caso de demiss\u00e3o, a orienta\u00e7\u00e3o \u00e9 para que o banc\u00e1rio ou banc\u00e1ria entre em contato imediatamente com o Sindicato.<\/p>\n<p>SINDICALIZE-SE<\/p>\n","protected":false},"excerpt":{"rendered":"<p>Nesta \u00faltima ter\u00e7a-feira, dia 2 de fevereiro, mais uma banc\u00e1ria do Banco Bradesco foi reintegrada pelo Sindicato dos Banc\u00e1rios da Baixada Fluminense, atrav\u00e9s de seus Departamentos Jur\u00eddico e de Sa\u00fade. A reintegra\u00e7\u00e3o foi feita ap\u00f3s decis\u00e3o judicial proferida pela 6a Vara do Trabalho de Duque de Caxias. Ap\u00f3s esta decis\u00e3o, a banc\u00e1ria Debora de Oliveira [&hellip;]<\/p>\n","protected":false},"author":2,"featured_media":10371,"comment_status":"","ping_status":"","sticky":false,"template":"","format":"standard","meta":{"footnotes":""},"categories":[3],"tags":[],"class_list":["post-10372","post","type-post","status-publish","format-standard","has-post-thumbnail","hentry","category-noticias"],"_links":{"self":[{"href":"https:\/\/hostnetart.com.br\/baixada\/wp-json\/wp\/v2\/posts\/10372","targetHints":{"allow":["GET"]}}],"collection":[{"href":"https:\/\/hostnetart.com.br\/baixada\/wp-json\/wp\/v2\/posts"}],"about":[{"href":"https:\/\/hostnetart.com.br\/baixada\/wp-json\/wp\/v2\/types\/post"}],"author":[{"embeddable":true,"href":"https:\/\/hostnetart.com.br\/baixada\/wp-json\/wp\/v2\/users\/2"}],"replies":[{"embeddable":true,"href":"https:\/\/hostnetart.com.br\/baixada\/wp-json\/wp\/v2\/comments?post=10372"}],"version-history":[{"count":0,"href":"https:\/\/hostnetart.com.br\/baixada\/wp-json\/wp\/v2\/posts\/10372\/revisions"}],"wp:featuredmedia":[{"embeddable":true,"href":"https:\/\/hostnetart.com.br\/baixada\/wp-json\/wp\/v2\/media\/10371"}],"wp:attachment":[{"href":"https:\/\/hostnetart.com.br\/baixada\/wp-json\/wp\/v2\/media?parent=10372"}],"wp:term":[{"taxonomy":"category","embeddable":true,"href":"https:\/\/hostnetart.com.br\/baixada\/wp-json\/wp\/v2\/categories?post=10372"},{"taxonomy":"post_tag","embeddable":true,"href":"https:\/\/hostnetart.com.br\/baixada\/wp-json\/wp\/v2\/tags?post=10372"}],"curies":[{"name":"wp","href":"https:\/\/api.w.org\/{rel}","templated":true}]}}