{"id":10368,"date":"2021-02-02T13:04:45","date_gmt":"2021-02-02T16:04:45","guid":{"rendered":"https:\/\/hostnetart.com.br\/baixada\/comando-nacional-dos-bancarios-cobrara-da-fenaban-mais-protecao-da-categoria-contra-a-pandemia\/"},"modified":"2021-02-02T13:04:45","modified_gmt":"2021-02-02T16:04:45","slug":"comando-nacional-dos-bancarios-cobrara-da-fenaban-mais-protecao-da-categoria-contra-a-pandemia","status":"publish","type":"post","link":"https:\/\/hostnetart.com.br\/baixada\/comando-nacional-dos-bancarios-cobrara-da-fenaban-mais-protecao-da-categoria-contra-a-pandemia\/","title":{"rendered":"Comando Nacional dos Banc\u00e1rios cobrar\u00e1 da Fenaban mais prote\u00e7\u00e3o da categoria contra a pandemia"},"content":{"rendered":"<p>Nesta ter\u00e7a-feira (2), Comando Nacional dos Banc\u00e1rios vai se reunir na pr\u00f3xima ter\u00e7a-feira (2) com a Federa\u00e7\u00e3o Nacional dos Bancos (Fenaban) para discutir a ado\u00e7\u00e3o de medidas preventivas para proteger a categoria diante do agravamento da Covid-19. A retomada do trabalho em regime de teletrabalho, com rod\u00edzio das equipes, para reduzir a aglomera\u00e7\u00e3o nos locais de trabalho, ser\u00e1 o tema da reuni\u00e3o.<\/p>\n<p>\u201cCom o agravamento da pandemia, os bancos precisam adotar novas medidas preventivas para proteger a categoria. Quando a pandemia come\u00e7ou, conseguimos tomar provid\u00eancias como o incremento do teletrabalho, al\u00e9m de medidas e cuidados nos locais de trabalho. Agora, precisamos redobrar os cuidados e at\u00e9 mesmo ampliar o teletrabalho para reduzir os riscos de cont\u00e1gio\u201d, disse a presidenta da Confedera\u00e7\u00e3o Nacional dos Trabalhadores do Ramo Financeiro (Contraf-CUT) e coordenadora do Comando Nacional dos Banc\u00e1rios, Juvandia Moreira.<\/p>\n<p>Juvandia destaca que a necessidade de se ampliar as medidas protetivas na categoria banc\u00e1ria se faz necess\u00e1ria porque o governo federal tem se mostrado incapaz de adotar uma pol\u00edtica que proteja a popula\u00e7\u00e3o da pandemia. \u201cO governo n\u00e3o conseguiu montar um estoque de vacinas, falhou na trag\u00e9dia de Manaus, onde faltou oxig\u00eanio para as v\u00edtimas da doen\u00e7a. Precisamos aumentar a prote\u00e7\u00e3o para evitar novas trag\u00e9dias pelo pa\u00eds\u201d, alertou a presidenta da Contraf-CUT.<\/p>\n<p>Levantamento feito na tarde desta segunda-feira (1) pelos \u00f3rg\u00e3os de imprensa mostrou que o Brasil registrou 9.204.386 casos de Covid 19 e 224.601 mortes.<\/p>\n<p><strong>Fonte: Contraf-CUT<\/strong><\/p>\n","protected":false},"excerpt":{"rendered":"<p>Nesta ter\u00e7a-feira (2), Comando Nacional dos Banc\u00e1rios vai se reunir na pr\u00f3xima ter\u00e7a-feira (2) com a Federa\u00e7\u00e3o Nacional dos Bancos (Fenaban) para discutir a ado\u00e7\u00e3o de medidas preventivas para proteger a categoria diante do agravamento da Covid-19. A retomada do trabalho em regime de teletrabalho, com rod\u00edzio das equipes, para reduzir a aglomera\u00e7\u00e3o nos locais [&hellip;]<\/p>\n","protected":false},"author":2,"featured_media":10367,"comment_status":"","ping_status":"","sticky":false,"template":"","format":"standard","meta":{"footnotes":""},"categories":[3],"tags":[],"class_list":["post-10368","post","type-post","status-publish","format-standard","has-post-thumbnail","hentry","category-noticias"],"_links":{"self":[{"href":"https:\/\/hostnetart.com.br\/baixada\/wp-json\/wp\/v2\/posts\/10368","targetHints":{"allow":["GET"]}}],"collection":[{"href":"https:\/\/hostnetart.com.br\/baixada\/wp-json\/wp\/v2\/posts"}],"about":[{"href":"https:\/\/hostnetart.com.br\/baixada\/wp-json\/wp\/v2\/types\/post"}],"author":[{"embeddable":true,"href":"https:\/\/hostnetart.com.br\/baixada\/wp-json\/wp\/v2\/users\/2"}],"replies":[{"embeddable":true,"href":"https:\/\/hostnetart.com.br\/baixada\/wp-json\/wp\/v2\/comments?post=10368"}],"version-history":[{"count":0,"href":"https:\/\/hostnetart.com.br\/baixada\/wp-json\/wp\/v2\/posts\/10368\/revisions"}],"wp:featuredmedia":[{"embeddable":true,"href":"https:\/\/hostnetart.com.br\/baixada\/wp-json\/wp\/v2\/media\/10367"}],"wp:attachment":[{"href":"https:\/\/hostnetart.com.br\/baixada\/wp-json\/wp\/v2\/media?parent=10368"}],"wp:term":[{"taxonomy":"category","embeddable":true,"href":"https:\/\/hostnetart.com.br\/baixada\/wp-json\/wp\/v2\/categories?post=10368"},{"taxonomy":"post_tag","embeddable":true,"href":"https:\/\/hostnetart.com.br\/baixada\/wp-json\/wp\/v2\/tags?post=10368"}],"curies":[{"name":"wp","href":"https:\/\/api.w.org\/{rel}","templated":true}]}}