{"id":10364,"date":"2021-02-02T13:01:50","date_gmt":"2021-02-02T16:01:50","guid":{"rendered":"https:\/\/hostnetart.com.br\/baixada\/contraf-cut-cobra-mais-contratacoes-da-caixa\/"},"modified":"2021-02-02T13:01:50","modified_gmt":"2021-02-02T16:01:50","slug":"contraf-cut-cobra-mais-contratacoes-da-caixa","status":"publish","type":"post","link":"https:\/\/hostnetart.com.br\/baixada\/contraf-cut-cobra-mais-contratacoes-da-caixa\/","title":{"rendered":"Contraf-CUT cobra mais contrata\u00e7\u00f5es da Caixa"},"content":{"rendered":"<p>A Confedera\u00e7\u00e3o Nacional dos Trabalhadores do Ramo Financeiro (Contraf-CUT) enviou um of\u00edcio nesta segunda-feira (1) \u00e0 dire\u00e7\u00e3o da Caixa para requerer esclarecimentos sobre a abertura de 75 novas ag\u00eancias e a contrata\u00e7\u00e3o de 500 empregados, anunciados pelo presidente do banco, Pedro Guimar\u00e3es, na semana passada.<\/p>\n<p>Fabiana Uehara Proscholdt, coordenadora da Comiss\u00e3o Executiva dos Empregados (CEE\/Caixa) e secret\u00e1ria da Cultura da Contraf-CUT, lembra que o movimento sindical sempre cobrou a contrata\u00e7\u00e3o de mais empregados, inclusive na \u00faltima\u00a0<a href=\"https:\/\/contrafcut.com.br\/noticias\/live-discutiu-promocao-por-merito-saude-caixa-e-mais-contratacoes-para-a-caixa\/?swcfpc=1\" target=\"_blank\" rel=\"noopener noreferrer\">mesa de negocia\u00e7\u00e3o permanente, realizada no dia 03 de dezembro de 2020<\/a>. \u201cNa Caixa temos um d\u00e9ficit de mais de 19 mil postos de trabalho. Isso somado \u00e0s condi\u00e7\u00f5es prec\u00e1rias de trabalho e \u00e0s metas desumanas, faz com que os empregados estejam em sua maioria esgotados e adoecidos. Com mais contrata\u00e7\u00f5es, com certeza, a situa\u00e7\u00e3o melhoraria, pela distribui\u00e7\u00e3o de atividades. Mas, refor\u00e7amos que a contrata\u00e7\u00e3o de 500 funcion\u00e1rios diante da abertura de 75 novas ag\u00eancias \u00e9 muito pouco perto da necessidade.\u201d<\/p>\n<p>\u201cRefor\u00e7amos a reivindica\u00e7\u00e3o tamb\u00e9m de melhores condi\u00e7\u00f5es de trabalho, como refor\u00e7o dos protocolos contra o Covid-19, sistemas constantes e \u00e1geis, manuten\u00e7\u00e3o de equipes de apoio como recepcionistas e vigilantes. Isso tamb\u00e9m propicia melhor atendimento para a sociedade\u201d, completou Fabiana.<\/p>\n<p>A Caixa chegou a ter 101,5 mil trabalhadores em 2014 e atualmente conta atualmente com 84,2 mil empregados. Mesmo assim, o banco trabalha com a estimativa de desligamento de mais 7,2 mil trabalhadores por meio de Programa de Desligamento Volunt\u00e1rio (PDV).<\/p>\n<p>Em defesa de mais contrata\u00e7\u00f5es, a Contraf-CUT e a Federa\u00e7\u00e3o Nacional das Associa\u00e7\u00f5es do Pessoal da Caixa (Fenae) iniciaram um trabalho de coleta de ades\u00f5es a um\u00a0<a href=\"https:\/\/secure.avaaz.org\/community_petitions\/po\/caixa_caixa_contrata_ja\/?wFcuHrb&amp;utm_source=sharetools&amp;utm_medium=twitter&amp;utm_campaign=petition-1148877-caixa_contrata_ja&amp;utm_term=FcuHrb%2Bpo\" target=\"_blank\" rel=\"noopener noreferrer\">abaixo-assinado<\/a>, cujo objetivo \u00e9 reivindicar a recomposi\u00e7\u00e3o do quadro de empregados da Caixa, reduzido ano a ano. A iniciativa foi adotada com o entendimento de que, sem investimentos, o banco p\u00fablico \u00e9 submetido \u00e0 precariza\u00e7\u00e3o das condi\u00e7\u00f5es de trabalho, o que reflete no adoecimento dos empregados e na qualidade do atendimento \u00e0 popula\u00e7\u00e3o.<\/p>\n<h3>Mexeu com a Caixa, mexeu com o Brasil<\/h3>\n<p>A Caixa Econ\u00f4mica Federal \u00e9 a principal operadora e financiadora de pol\u00edticas p\u00fablicas sociais, al\u00e9m de geradora de emprego, renda e desenvolvimento. Cerca de 70% do cr\u00e9dito habitacional \u00e9 feito pela Caixa e 90% dos financiamentos para pessoas de baixa renda est\u00e3o no banco p\u00fablico. Al\u00e9m de moradias populares \u2014 como as do programa Minha Casa Minha Vida \u2014 a estatal tamb\u00e9m investe na agricultura familiar, no Financiamento Estudantil (Fies) e nas micro e pequenas empresas.<\/p>\n<p>A Caixa est\u00e1 presente na vida de empreendedores e \u00e9 o banco que mais facilita o cr\u00e9dito para os pequenos neg\u00f3cios. S\u00f3 em 2020, liberou mais de R$ 28 bilh\u00f5es em financiamentos a juros baixos para 300 mil pequenas e m\u00e9dias empresas.<\/p>\n<p>O banco \u00e9, ainda, o maior parceiro dos estados e munic\u00edpios no financiamento de grandes obras de saneamento e infraestrutura \u2014 \u00e1reas essenciais para a garantia de melhor qualidade de vida \u00e0 popula\u00e7\u00e3o.<\/p>\n<p>A Caixa est\u00e1 em 97% dos 5.570 munic\u00edpios para que as a\u00e7\u00f5es sociais cheguem a quem mais precisa. S\u00e3o 54 mil pontos de atendimento dispon\u00edveis no pa\u00eds: 4,2 mil ag\u00eancias e postos, 8,6 mil correspondentes banc\u00e1rios, 12,9 mil lot\u00e9ricos e 28,3 mil caixas eletr\u00f4nicos (ATM\u2019s). Al\u00e9m disso, \u00e9 o \u00fanico banco que chega aos locais mais remotos por meio de oito unidades-caminh\u00e3o e duas ag\u00eancias-barco na Regi\u00e3o Amaz\u00f4nica.<\/p>\n<p><strong>Fonte: Contraf-CUT<\/strong><\/p>\n","protected":false},"excerpt":{"rendered":"<p>A Confedera\u00e7\u00e3o Nacional dos Trabalhadores do Ramo Financeiro (Contraf-CUT) enviou um of\u00edcio nesta segunda-feira (1) \u00e0 dire\u00e7\u00e3o da Caixa para requerer esclarecimentos sobre a abertura de 75 novas ag\u00eancias e a contrata\u00e7\u00e3o de 500 empregados, anunciados pelo presidente do banco, Pedro Guimar\u00e3es, na semana passada. Fabiana Uehara Proscholdt, coordenadora da Comiss\u00e3o Executiva dos Empregados (CEE\/Caixa) [&hellip;]<\/p>\n","protected":false},"author":2,"featured_media":10363,"comment_status":"","ping_status":"","sticky":false,"template":"","format":"standard","meta":{"footnotes":""},"categories":[3],"tags":[],"class_list":["post-10364","post","type-post","status-publish","format-standard","has-post-thumbnail","hentry","category-noticias"],"_links":{"self":[{"href":"https:\/\/hostnetart.com.br\/baixada\/wp-json\/wp\/v2\/posts\/10364","targetHints":{"allow":["GET"]}}],"collection":[{"href":"https:\/\/hostnetart.com.br\/baixada\/wp-json\/wp\/v2\/posts"}],"about":[{"href":"https:\/\/hostnetart.com.br\/baixada\/wp-json\/wp\/v2\/types\/post"}],"author":[{"embeddable":true,"href":"https:\/\/hostnetart.com.br\/baixada\/wp-json\/wp\/v2\/users\/2"}],"replies":[{"embeddable":true,"href":"https:\/\/hostnetart.com.br\/baixada\/wp-json\/wp\/v2\/comments?post=10364"}],"version-history":[{"count":0,"href":"https:\/\/hostnetart.com.br\/baixada\/wp-json\/wp\/v2\/posts\/10364\/revisions"}],"wp:featuredmedia":[{"embeddable":true,"href":"https:\/\/hostnetart.com.br\/baixada\/wp-json\/wp\/v2\/media\/10363"}],"wp:attachment":[{"href":"https:\/\/hostnetart.com.br\/baixada\/wp-json\/wp\/v2\/media?parent=10364"}],"wp:term":[{"taxonomy":"category","embeddable":true,"href":"https:\/\/hostnetart.com.br\/baixada\/wp-json\/wp\/v2\/categories?post=10364"},{"taxonomy":"post_tag","embeddable":true,"href":"https:\/\/hostnetart.com.br\/baixada\/wp-json\/wp\/v2\/tags?post=10364"}],"curies":[{"name":"wp","href":"https:\/\/api.w.org\/{rel}","templated":true}]}}