{"id":10360,"date":"2021-02-01T12:57:25","date_gmt":"2021-02-01T15:57:25","guid":{"rendered":"https:\/\/hostnetart.com.br\/baixada\/como-seria-o-enfretamento-da-pandemia-sem-a-caixa-economica-federal-e-o-banco-do-brasil\/"},"modified":"2021-02-01T12:57:25","modified_gmt":"2021-02-01T15:57:25","slug":"como-seria-o-enfretamento-da-pandemia-sem-a-caixa-economica-federal-e-o-banco-do-brasil","status":"publish","type":"post","link":"https:\/\/hostnetart.com.br\/baixada\/como-seria-o-enfretamento-da-pandemia-sem-a-caixa-economica-federal-e-o-banco-do-brasil\/","title":{"rendered":"Como seria o enfretamento da pandemia sem a Caixa Econ\u00f4mica Federal e o Banco do Brasil?"},"content":{"rendered":"<p>No ano de 2020, em meio a uma das mais graves crises econ\u00f4micas e sociais das \u00faltimas d\u00e9cadas, os bancos p\u00fablicos se mostraram essenciais a fim de amenizar os efeitos da pandemia do novo coronav\u00edrus. A Caixa atendeu mais de 100 milh\u00f5es de brasileiros por meio do pagamento dos aux\u00edlios emergenciais e o Banco do Brasil foi a institui\u00e7\u00e3o financeira que mais concedeu cr\u00e9dito para as micro e pequenas empresas. Tudo isto ocorreu sob um governo de orienta\u00e7\u00e3o estritamente neoliberal, que pretende desmantelar o Estado e as empresas p\u00fablicas.<\/p>\n<p>Sob este cen\u00e1rio, economista e dirigentes sindicais banc\u00e1rios reuniram-se virtualmente nesta quinta-feira (28), no\u00a0<a href=\"https:\/\/contrafcut.com.br\/noticias\/movimento-sindical-bancario-promove-oficinas-no-forum-social-mundial\/?swcfpc=1\" target=\"_blank\" rel=\"noopener noreferrer\">F\u00f3rum Social Mundial<\/a>, afim de debater e refor\u00e7ar o papel dos bancos p\u00fablicos na economia e a sua import\u00e2ncia para a sociedade no painel \u201cA Defesa da Caixa e do Banco do Brasil frente aos ataques neoliberais do governo Bolsonaro\u201d.<\/p>\n<p>O economista S\u00e9rgio Mendon\u00e7a, do site Reconta A\u00ed, enumerou a atua\u00e7\u00e3o e os efeitos diferenciados dos bancos p\u00fablicos na economia e na sociedade:<\/p>\n<ul>\n<li>Bancos privados t\u00eam horror a qualquer tipo de risco: enfrentamento da crise foi e est\u00e1 sendo um papel da Caixa e do Banco do Brasil, tanto em 2008 como agora em 2020 \u2013 com o Pronampe, pagamento do aux\u00edlio-emergencial e FGTS;<\/li>\n<li>Corrigem falhas de mercado: s\u00e3o os p\u00fablicos, e n\u00e3o os privados que investem nas regi\u00f5es menos desenvolvidas e na popula\u00e7\u00e3o de renda m\u00e9dia e mais baixa;<\/li>\n<li>S\u00e3o os principais financiadores do longo prazo: No Brasil, 86% do cr\u00e9dito (acima de 5 anos) \u00e9 feito pelos bancos p\u00fablicos;<\/li>\n<li>Operam as grandes pol\u00edticas sociais: Minha Casa, Minha Vida; agricultura familiar; apoio a infraestrutura, entre outras. Segundo Mendon\u00e7a, a cada R$ 1 captado pelos bancos p\u00fablicos, R$ 9 retornam para a sociedade (segundo as regras de Basileia);<\/li>\n<li>Bancariazam a popula\u00e7\u00e3o de renda mais baixa: quase mil munic\u00edpios s\u00f3 possuem ag\u00eancias de bancos p\u00fablicos, e centenas n\u00e3o t\u00eam nenhuma. Sem os bancos p\u00fablicos, milhares de brasileiros teriam muito mais dificuldade de acessar programas sociais ou qualquer atendimento banc\u00e1rio;<\/li>\n<li>Rent\u00e1veis e sociais: S\u00e3o capazes de ganhar nas linhas comerciais que mais d\u00e3o retorno, e aplicar nas pol\u00edticas sociais;<\/li>\n<li>Compram t\u00edtulos do governo: financiam as pol\u00edticas macroecon\u00f4micas atrav\u00e9s do financiamento da d\u00edvida p\u00fablica;<\/li>\n<li>Podem acelerar o crescimento econ\u00f4mico: t\u00eam a capacidade de subsidiar linhas de cr\u00e9dito;<\/li>\n<li>Podem regular o mercado: como foi feito na crise financeira de 2008, os bancos p\u00fablicos t\u00eam a capacidade de puxar para baixo a taxa de juros.<\/li>\n<\/ul>\n<blockquote class=\"wp-block-quote\">\n<p>\u201c[Isso] se houver um governo com uma pol\u00edtica clara de est\u00edmulo ao cr\u00e9dito e ao desenvolvimento regional\u201d<\/p>\n<p><cite>S\u00e9rgio Mendon\u00e7a<\/cite><\/p><\/blockquote>\n<ul>\n<li>Fornecem quadros competentes para administra\u00e7\u00e3o p\u00fablica: Banco do Brasil, Caixa, BNDES, Basa, BNB e outros bancos p\u00fablicos sempre foram importantes fornecedores de gestores, capacitados por concurso, para o setor p\u00fablico;<\/li>\n<li>Apresentam lucros alt\u00edssimos: e pagam dividendos \u00e0 sociedade.<\/li>\n<\/ul>\n<h3>Estrat\u00e9gicos<\/h3>\n<p>\u201cO Brasil tem sorte de contar com bancos p\u00fablicos, mas h\u00e1 uma pol\u00edtica intencional do governo Temer, e agora do governo Bolsonaro de enfraquec\u00ea-los para fortalecer os privados, por meio da redu\u00e7\u00e3o da capta\u00e7\u00e3o; do enfraquecimento do BNDES; de planos de demiss\u00e3o\u201d, disse Mendon\u00e7a.<\/p>\n<p>\u201cBancos p\u00fablicos s\u00e3o estrat\u00e9gicos para qualquer pa\u00eds, e o Brasil ainda tem bancos p\u00fablicos para utilizar no projeto de retomada do desenvolvimento, e o exemplo mais evidente [da import\u00e2ncia] foi agora: como seria sem a Caixa, sem o pagamento do aux\u00edlio-emergencial, como seria sem o Banco do Brasil e os outros bancos p\u00fablicos, que apoiam a agricultura familiar e utilizaram o Pronampe para apoiar as micro e pequenas empresas?\u201d, questionou o economista.<\/p>\n<h3>Contraponto ao sistema econ\u00f4mico atual<\/h3>\n<p>Ivone Silva, presidenta do Sindicato dos Banc\u00e1rios de S\u00e3o Paulo, Osasco e Regi\u00e3o e uma das coordenadoras do Comando Nacional dos Banc\u00e1rios, ressaltou a import\u00e2ncia do F\u00f3rum Social Mundial no contraponto a um modelo econ\u00f4mico em que, apenas em 2020, em plena pandemia do coronav\u00edrus, as 500 pessoas mais ricas do planeta aumentaram suas fortunas em US$ 1,8 trilh\u00e3o, um salto de 31%, segundo o \u00cdndice de Bilion\u00e1rios da Bloomberg.<\/p>\n<p>A dirigente enfatizou a import\u00e2ncia dos bancos p\u00fablicos para a redu\u00e7\u00e3o das desigualdades socias. \u201cN\u00f3s conversamos com banc\u00e1rios e clientes do Brasil inteiro e sabemos como \u00e9 importante, principalmente agora, por causa da pandemia, ter ag\u00eancias tamb\u00e9m nos munic\u00edpios menores e mais isolados do pa\u00eds.<\/p>\n<p>\u201cAposentados de muitos munic\u00edpios precisam viajar duas, tr\u00eas horas para poder sacar a aposentadoria, porque moram em cidades que n\u00e3o t\u00eam nenhuma ag\u00eancia. E sob o governo Bolsonaro isso est\u00e1 piorando, porque o projeto dele \u00e9 fechar mais ag\u00eancias, e enfraquecer o papel dos bancos p\u00fablicos, os \u00fanicos que fazem o papel social, j\u00e1 que privados n\u00e3o cumprem esta fun\u00e7\u00e3o\u201d, disse, lembrando que v\u00e1rias cidades do pa\u00eds s\u00f3 contam com ag\u00eancias do Banco do Brasil e da Caixa.<\/p>\n<h3>Apoio a micro e pequenas empresas na pandemia<\/h3>\n<p>Durante a crise causada pelo coronav\u00edrus, o Banco do Brasil concedeu R$ 6,6 bilh\u00f5es em cr\u00e9dito para 110 mil micro e pequenas empresas por meio do Pronampe (Programa Nacional de Apoio \u00e0s Microempresas e Empresas de Pequeno Porte). Para efeito de compara\u00e7\u00e3o, por meio do mesmo programa, o Ita\u00fa concedeu R$ 3,9 bilh\u00f5es para 42 mil empresas.<\/p>\n<p>\u201cOs bancos privados vislumbram o lucro imediato, e os p\u00fablicos desempenham papel social, e nem por isto deixam de ter lucro\u201d, acrescenta o diretor do Sindicato de S\u00e3o Paulo e coordenador da Comiss\u00e3o de Organiza\u00e7\u00e3o dos Empregados, Jo\u00e3o Fukunaga.<\/p>\n<p>Contudo, a equipe econ\u00f4mica de Bolsonaro pretende realizar mais uma reestrutura\u00e7\u00e3o, com objetivo de fechar 361 unidades no pa\u00eds \u2013 sendo 112 ag\u00eancias, 7 escrit\u00f3rios e 242 postos de atendimento \u2013, demitir 5 mil banc\u00e1rios e descomissionar centenas de fun\u00e7\u00f5es.<\/p>\n<h3>Paralisa\u00e7\u00e3o sexta 29<\/h3>\n<p>Por conta desta inten\u00e7\u00e3o do governo federal, os trabalhadores do Banco do Brasil fazem uma paralisa\u00e7\u00e3o de 24 horas nesta sexta-feira (29). O aumento da digitaliza\u00e7\u00e3o banc\u00e1ria \u00e9 o principal argumento utilizado pelo governo federal para o fechamento de ag\u00eancias e a demiss\u00e3o de mais 5 mil trabalhadores.<\/p>\n<p>\u201c\u00c9 multo f\u00e1cil falar sobre digitaliza\u00e7\u00e3o se olharmos apenas as grandes capitais, que t\u00eam estrutura de telecomunica\u00e7\u00e3o, mas no interior dos Estados essa tecnologia n\u00e3o chega. E tamb\u00e9m h\u00e1 a quest\u00e3o do n\u00edvel de escolaridade\u201d, disse Fukunaga.<\/p>\n<p>Em um teste, dirigentes conversaram com trabalhadores da limpeza e seguran\u00e7a de ag\u00eancia do Banco do Brasil, e muito pouco deles utilizam a digitaliza\u00e7\u00e3o banc\u00e1ria, seja porque n\u00e3o t\u00eam recursos para arcar com pacote de dados, ou porque falta conhecimento para operar aplicativos. \u201cEssa restrutura\u00e7\u00e3o ir\u00e1 tirar o servi\u00e7o banc\u00e1rio, o \u00fanico acess\u00edvel, para essas pessoas, e focar na classe m\u00e9dia e alta\u201d, disse Fukunaga.<\/p>\n<p>Banco do Brasil e Caixa demitiram mais que privados<\/p>\n<p>Entre 2014 e 2020, o Banco do Brasil fechou 19,5 mil postos de trabalho (varia\u00e7\u00e3o negativa de 17,5%) e a Caixa 16,9 mil postos de trabalho (varia\u00e7\u00e3o negativa de 16,9%), enquanto que o Bradesco abriu 414 postos de trabalho, (varia\u00e7\u00e3o positiva de 0,4%), o Ita\u00fa fechou 1.920 vagas (-5,1%), e o Santander 4,1 mil postos (-8,4%). \u201c\u00c9 um dado que refor\u00e7a uma pol\u00edtica agressiva de diminui\u00e7\u00e3o de postos de trabalho nos bancos p\u00fablicos e um ataque frontal ao Banco do Brasil e \u00e0 Caixa\u201d, refor\u00e7ou Fukunga.<\/p>\n<h3>Constru\u00e7\u00e3o de paralisa\u00e7\u00f5es e defesa das empresas p\u00fablicas<\/h3>\n<p>Dion\u00edsio Reis, diretor executivo do Sindicato dos Banc\u00e1rios de S\u00e3o Paulo, Osasco e Regi\u00e3o, lembrou que a Caixa \u00e9 o \u00fanico banco que paga benef\u00edcios para as pessoas, ao contr\u00e1rio dos outros bancos que se limitam a cobrar.<\/p>\n<p>\u201cA rela\u00e7\u00e3o da sociedade com a Caixa, que j\u00e1 era grande por conta do FGTS, e de programas como Minha Casa Minha Vida, se aprofundou mais com o pagamento do aux\u00edlio-emergencial e a bancariza\u00e7\u00e3o de 100 milh\u00f5es de pessoas invisibilizadas pelo setor financeiro. A pandemia e a crise mundial refor\u00e7aram o entendimento de que sem os bancos p\u00fablicos n\u00e3o tem como melhorar a situa\u00e7\u00e3o econ\u00f4mica\u201d, disse Dion\u00edsio.<\/p>\n<p>\u201cAs entidades t\u00eam que investir na constru\u00e7\u00e3o de paralisa\u00e7\u00f5es dos trabalhadores e na defesa das empresas p\u00fablicas como fundamentais. E a sociedade precisa entender que n\u00e3o \u00e9 o investimento privado que alavanca o desenvolvimento do zero, mas o p\u00fablico\u201d, afirmou.<\/p>\n<p><strong>Fonte: Contraf-CUT<\/strong><\/p>\n","protected":false},"excerpt":{"rendered":"<p>No ano de 2020, em meio a uma das mais graves crises econ\u00f4micas e sociais das \u00faltimas d\u00e9cadas, os bancos p\u00fablicos se mostraram essenciais a fim de amenizar os efeitos da pandemia do novo coronav\u00edrus. A Caixa atendeu mais de 100 milh\u00f5es de brasileiros por meio do pagamento dos aux\u00edlios emergenciais e o Banco do [&hellip;]<\/p>\n","protected":false},"author":2,"featured_media":10359,"comment_status":"","ping_status":"","sticky":false,"template":"","format":"standard","meta":{"footnotes":""},"categories":[3],"tags":[],"class_list":["post-10360","post","type-post","status-publish","format-standard","has-post-thumbnail","hentry","category-noticias"],"_links":{"self":[{"href":"https:\/\/hostnetart.com.br\/baixada\/wp-json\/wp\/v2\/posts\/10360","targetHints":{"allow":["GET"]}}],"collection":[{"href":"https:\/\/hostnetart.com.br\/baixada\/wp-json\/wp\/v2\/posts"}],"about":[{"href":"https:\/\/hostnetart.com.br\/baixada\/wp-json\/wp\/v2\/types\/post"}],"author":[{"embeddable":true,"href":"https:\/\/hostnetart.com.br\/baixada\/wp-json\/wp\/v2\/users\/2"}],"replies":[{"embeddable":true,"href":"https:\/\/hostnetart.com.br\/baixada\/wp-json\/wp\/v2\/comments?post=10360"}],"version-history":[{"count":0,"href":"https:\/\/hostnetart.com.br\/baixada\/wp-json\/wp\/v2\/posts\/10360\/revisions"}],"wp:featuredmedia":[{"embeddable":true,"href":"https:\/\/hostnetart.com.br\/baixada\/wp-json\/wp\/v2\/media\/10359"}],"wp:attachment":[{"href":"https:\/\/hostnetart.com.br\/baixada\/wp-json\/wp\/v2\/media?parent=10360"}],"wp:term":[{"taxonomy":"category","embeddable":true,"href":"https:\/\/hostnetart.com.br\/baixada\/wp-json\/wp\/v2\/categories?post=10360"},{"taxonomy":"post_tag","embeddable":true,"href":"https:\/\/hostnetart.com.br\/baixada\/wp-json\/wp\/v2\/tags?post=10360"}],"curies":[{"name":"wp","href":"https:\/\/api.w.org\/{rel}","templated":true}]}}