{"id":10358,"date":"2021-02-01T12:56:21","date_gmt":"2021-02-01T15:56:21","guid":{"rendered":"https:\/\/hostnetart.com.br\/baixada\/reuniao-do-gt-saude-caixa-debate-premissas-para-o-plano\/"},"modified":"2021-02-01T12:56:21","modified_gmt":"2021-02-01T15:56:21","slug":"reuniao-do-gt-saude-caixa-debate-premissas-para-o-plano","status":"publish","type":"post","link":"https:\/\/hostnetart.com.br\/baixada\/reuniao-do-gt-saude-caixa-debate-premissas-para-o-plano\/","title":{"rendered":"Reuni\u00e3o do GT Sa\u00fade Caixa debate premissas para o plano"},"content":{"rendered":"<p>As premissas atuariais foram o tema da terceira reuni\u00e3o do Grupo de Trabalho (GT) Sa\u00fade Caixa. O encontro aconteceu nesta quinta-feira (28), por videoconfer\u00eancia, e iniciou os estudos para a constru\u00e7\u00e3o de uma proposta de custeio para o plano. Os representantes dos empregados no GT refor\u00e7aram mais uma vez a necessidade de transpar\u00eancia nas informa\u00e7\u00f5es do plano que ser\u00e3o apresentadas. As reuni\u00f5es t\u00eam acontecido semanalmente, \u00e0s quintas-feiras.<\/p>\n<p>\u201cTemos refor\u00e7ado esse pedido em toda reuni\u00e3o. A transpar\u00eancia nos dados \u00e9 fundamental para que a gente possa, de forma colaborativa, construir uma alternativa de custeio que mantenha o nosso plano sustent\u00e1vel e acess\u00edvel para todos os empregados e os aposentados\u201d, afirmou a coordenadora do GT e da Comiss\u00e3o Executiva dos Empregados da Caixa (CEE\/Caixa), Fabiana Uehara Proscholdt, que tamb\u00e9m \u00e9 secret\u00e1ria de Cultura da Confedera\u00e7\u00e3o Nacional dos Trabalhadores do Ramo Financeiro (Contraf-CUT).<\/p>\n<p>Membro das duas primeiras gest\u00f5es do Conselho de Usu\u00e1rios e agora membro do GT, o diretor de Rela\u00e7\u00f5es Sindicais da Apcef\/RJ, Sergio Amorim, lembrou que a cobran\u00e7a pelos dados \u00e9 antiga. \u201cDesde aquela \u00e9poca, n\u00f3s do Conselho cobramos o acesso aos dados e n\u00e3o foi diferente quando fui atuar no GT Sa\u00fade Caixa. A transpar\u00eancia dos dados \u00e9 fundamental para cumprirmos o nosso papel, mas nunca conseguimos essa informa\u00e7\u00e3o de forma consistente\u201d, ressaltou Amorim.<\/p>\n<p>O representante dos empregados do GT Sa\u00fade Caixa, membro da CEE\/Caixa e presidente da Apcef\/SP, Leonardo Quadros, explicou a import\u00e2ncia do GT obter os dados precisos sobre o Sa\u00fade Caixa. \u201cPara alcan\u00e7ar nosso objetivo de garantir um plano acess\u00edvel e de qualidade para os empregados da ativa e aposentados \u00e9 fundamental nos debru\u00e7armos sobre os dados do plano para identificar principais gargalos dos seus custeios e buscar as melhores solu\u00e7\u00f5es.\u201d<\/p>\n<p>Outro ponto que est\u00e1 em debate no GT \u00e9 a prepara\u00e7\u00e3o de um termo de confidencialidade. O documento dever\u00e1 ser assinado por todos os participantes do grupo de trabalho.<\/p>\n<h3>Novos participantes<\/h3>\n<p>Durante a reuni\u00e3o, a Caixa informou que aproximadamente dois mil empregados j\u00e1 solicitaram a entrada no Sa\u00fade Caixa. A expectativa do banco \u00e9 para que pouco mais de tr\u00eas mil empregados fa\u00e7am a ades\u00e3o.<\/p>\n<p>A reabertura do plano aconteceu no dia 8 de janeiro, ap\u00f3s muitas reivindica\u00e7\u00f5es dos empregados, um dos principais pontos da Campanha Nacional de 2020.<\/p>\n<h3>O Grupo de Trabalho<\/h3>\n<p>O GT Sa\u00fade Caixa tem o objetivo de criar uma proposta para um novo formato de custeio e de gest\u00e3o do plano de sa\u00fade at\u00e9 o dia 31 de julho de 2021. A proposta passar\u00e1 pelo crivo da mesa permanente de negocia\u00e7\u00e3o e, posteriormente, dos benefici\u00e1rios, antes de entrar em vigor a partir de 2 de janeiro de 2022.<\/p>\n<p>Os integrantes indicados pelos representantes dos empregados s\u00e3o: Fabiana Uehara, Leonardo Quadros, Sergio Amorim, Alexandro Livramento, Lilian Minchin, Marilde Zarpellon e M\u00e1rcia Krambeck.<\/p>\n<p><strong>Fonte: Contraf-CUT<\/strong><\/p>\n","protected":false},"excerpt":{"rendered":"<p>As premissas atuariais foram o tema da terceira reuni\u00e3o do Grupo de Trabalho (GT) Sa\u00fade Caixa. O encontro aconteceu nesta quinta-feira (28), por videoconfer\u00eancia, e iniciou os estudos para a constru\u00e7\u00e3o de uma proposta de custeio para o plano. Os representantes dos empregados no GT refor\u00e7aram mais uma vez a necessidade de transpar\u00eancia nas informa\u00e7\u00f5es [&hellip;]<\/p>\n","protected":false},"author":2,"featured_media":10357,"comment_status":"","ping_status":"","sticky":false,"template":"","format":"standard","meta":{"footnotes":""},"categories":[3],"tags":[],"class_list":["post-10358","post","type-post","status-publish","format-standard","has-post-thumbnail","hentry","category-noticias"],"_links":{"self":[{"href":"https:\/\/hostnetart.com.br\/baixada\/wp-json\/wp\/v2\/posts\/10358","targetHints":{"allow":["GET"]}}],"collection":[{"href":"https:\/\/hostnetart.com.br\/baixada\/wp-json\/wp\/v2\/posts"}],"about":[{"href":"https:\/\/hostnetart.com.br\/baixada\/wp-json\/wp\/v2\/types\/post"}],"author":[{"embeddable":true,"href":"https:\/\/hostnetart.com.br\/baixada\/wp-json\/wp\/v2\/users\/2"}],"replies":[{"embeddable":true,"href":"https:\/\/hostnetart.com.br\/baixada\/wp-json\/wp\/v2\/comments?post=10358"}],"version-history":[{"count":0,"href":"https:\/\/hostnetart.com.br\/baixada\/wp-json\/wp\/v2\/posts\/10358\/revisions"}],"wp:featuredmedia":[{"embeddable":true,"href":"https:\/\/hostnetart.com.br\/baixada\/wp-json\/wp\/v2\/media\/10357"}],"wp:attachment":[{"href":"https:\/\/hostnetart.com.br\/baixada\/wp-json\/wp\/v2\/media?parent=10358"}],"wp:term":[{"taxonomy":"category","embeddable":true,"href":"https:\/\/hostnetart.com.br\/baixada\/wp-json\/wp\/v2\/categories?post=10358"},{"taxonomy":"post_tag","embeddable":true,"href":"https:\/\/hostnetart.com.br\/baixada\/wp-json\/wp\/v2\/tags?post=10358"}],"curies":[{"name":"wp","href":"https:\/\/api.w.org\/{rel}","templated":true}]}}