{"id":10352,"date":"2021-01-29T12:14:11","date_gmt":"2021-01-29T15:14:11","guid":{"rendered":"https:\/\/hostnetart.com.br\/baixada\/confirmando-posto-de-pior-do-mundo-na-pandemia-brasil-supera-9-milhoes-de-infectados-por-covid-19\/"},"modified":"2021-01-29T12:14:11","modified_gmt":"2021-01-29T15:14:11","slug":"confirmando-posto-de-pior-do-mundo-na-pandemia-brasil-supera-9-milhoes-de-infectados-por-covid-19","status":"publish","type":"post","link":"https:\/\/hostnetart.com.br\/baixada\/confirmando-posto-de-pior-do-mundo-na-pandemia-brasil-supera-9-milhoes-de-infectados-por-covid-19\/","title":{"rendered":"Confirmando posto de \u2018pior do mundo\u2019 na pandemia, Brasil supera 9 milh\u00f5es de infectados por covid-19"},"content":{"rendered":"<p>Nenhuma surpresa. O Brasil superou hoje (28) a marca de 9 milh\u00f5es de pessoas que atingidas pela covid-19 desde o in\u00edcio do surto, em mar\u00e7o passado. Com 61.811 novos casos nas \u00faltimas 24 horas, o n\u00famero oficial de infectados chegou a 9.058.687. O dia tamb\u00e9m foi de um grande n\u00famero de mortos pelo\u00a0<a href=\"https:\/\/www.redebrasilatual.com.br\/tag\/coronavirus\/\" target=\"_blank\" rel=\"noopener noreferrer\">novo coronav\u00edrus<\/a>, com 1.386 \u00f3bitos por covid-19 oficialmente registrados. A mortalidade \u00e9 superior mesmo \u00e0 m\u00e9dia da pandemia no at\u00e9 ent\u00e3o pico, entre junho e setembro.<\/p>\n<p>Com a atualiza\u00e7\u00e3o dos n\u00fameros, o pa\u00eds\u00a0<a href=\"https:\/\/www.redebrasilatual.com.br\/saude-e-ciencia\/2021\/01\/brasil-ultrapassa-marca-de-220-mil-mortos-por-covid-19\/\" target=\"_blank\" rel=\"noopener noreferrer\">soma 221.547 mortos<\/a>, de acordo com o Conselho Nacional dos Secret\u00e1rios de Sa\u00fade (<a href=\"https:\/\/www.conass.org.br\/painelconasscovid19\/\" target=\"_blank\" rel=\"noopener noreferrer\">Conass<\/a>). A m\u00e9dia m\u00f3vel de mortes calculada em sete dias est\u00e1 em 1.057 v\u00edtimas por dia. O n\u00famero \u00e9 similar ao pior momento da pandemia. Assim, considerando o elevado n\u00famero de casos di\u00e1rios, superior aos meses de maior mortalidade, a covid-19 segue descontrolada no Brasil. E em ritmo crescente. Fevereiro come\u00e7ar\u00e1 com o pa\u00eds em estado m\u00e1ximo de aten\u00e7\u00e3o para a acelera\u00e7\u00e3o dos n\u00fameros de casos e mortes pela infec\u00e7\u00e3o.<\/p>\n<div id=\"redeb-1953999209\" class=\"redeb-conteudo\">\u00a0<\/div>\n<div class=\"wp-block-image\">\n<figure class=\"aligncenter size-large\"><img decoding=\"async\" class=\"wp-image-467813 lazy loaded\" src=\"https:\/\/www.redebrasilatual.com.br\/wp-content\/uploads\/2021\/01\/covid220-1.jpg\" sizes=\"(max-width: 490px) 100vw, 490px\" srcset=\"https:\/\/www.redebrasilatual.com.br\/wp-content\/uploads\/2021\/01\/covid220-1.jpg 490w, https:\/\/www.redebrasilatual.com.br\/wp-content\/uploads\/2021\/01\/covid220-1-360x162.jpg 360w\" alt=\"\" data-src=\"https:\/\/www.redebrasilatual.com.br\/wp-content\/uploads\/2021\/01\/covid220-1.jpg\" data-srcset=\"https:\/\/www.redebrasilatual.com.br\/wp-content\/uploads\/2021\/01\/covid220-1.jpg 490w, https:\/\/www.redebrasilatual.com.br\/wp-content\/uploads\/2021\/01\/covid220-1-360x162.jpg 360w\" data-sizes=\"(max-width: 490px) 100vw, 490px\" data-was-processed=\"true\" \/><figcaption>N\u00fameros da covid-19 no Brasil. Fonte: Conass<\/figcaption><\/figure>\n<\/div>\n<h2><span style=\"text-decoration: underline;\">Fator Bolsonaro<\/span><\/h2>\n<p>O pa\u00eds \u00e9 o segundo com mais mortes no mundo, atr\u00e1s apenas dos Estados Unidos. A trag\u00e9dia \u00e9 agravada pelo conduta desastrosa do presidente da Rep\u00fablica, Jair Bolsonaro. Apesar dos 220 mil brasileiros mortos, ele persiste em negar a ci\u00eancia, estimular e promover aglomera\u00e7\u00f5es e confundir a sociedade com mentiras sobre a pandemia.<\/p>\n<p>Em uma condu\u00e7\u00e3o lenta e ap\u00e1tica da busca por vacinas, Bolsonaro tamb\u00e9m chegou a fazer campanha aberta contra imunizantes. Hoje (28) em Alagoas, recebido pelo ex-presidente, hoje senador, Fernando Collor de Mello (Avante), o presidente voltou a desdenhar da covid-19. \u201cO povo brasileiro \u00e9 forte, n\u00e3o tem medo do perigo. N\u00f3s sabemos quem s\u00e3o os vulner\u00e1veis: os mais idosos e os com comorbidade. O resto tem que trabalhar (\u2026) reformulem essa pol\u00edtica. Entendam que isolamento, o confinamento nos leva para a mis\u00e9ria\u201d, disse.<\/p>\n<h2><span style=\"text-decoration: underline;\">Pior do mundo<\/span><\/h2>\n<p>Diante de um governo abertamente contr\u00e1rio \u00e0 ci\u00eancia, a covid-19 se consolida como a maior crise sanit\u00e1ria da hist\u00f3ria do Brasil. De acordo com um estudo do\u00a0<a href=\"https:\/\/www.lowyinstitute.org\/\" target=\"_blank\" rel=\"noopener noreferrer\">Lowy Institute<\/a>, uma organiza\u00e7\u00e3o australiana independente que analisa pol\u00edticas p\u00fablicas,\u00a0<a href=\"https:\/\/www.redebrasilatual.com.br\/saude-e-ciencia\/2021\/01\/brasil-e-o-pior-pais-do-mundo-no-combate-a-pandemia-aponta-estudo\/\" target=\"_blank\" rel=\"noopener noreferrer\">a condu\u00e7\u00e3o da pandemia pelo governo brasileiro foi a pior do mundo<\/a>.<\/p>\n<p>Foram analisadas as medidas tomadas em 98 pa\u00edses a partir de crit\u00e9rios t\u00e9cnicos envolvendo a\u00e7\u00f5es federais em rela\u00e7\u00e3o \u00e0 Sa\u00fade. Provid\u00eancias como capacidade de testagem, estrat\u00e9gias de conten\u00e7\u00e3o do v\u00edrus, entre outras. Outro pa\u00eds que figurou entre os piores do mundo, logo \u00e0 frente do Brasil, foram os Estados Unidos. Em comum, ambos os pa\u00edses contaram, em 2020, com presidentes populistas, que ridicularizaram mortes, rejeitaram at\u00e9 mesmo o uso de m\u00e1scaras e receitaram medica\u00e7\u00f5es comprovadamente sem efic\u00e1cia contra a covid.<\/p>\n<p>No topo dos 10 pa\u00edses que melhor combatem o v\u00edrus est\u00e3o a Nova Zel\u00e2ndia, Vietn\u00e3, Taiwan, Tail\u00e2ndia, Chipre, Ruanda, Isl\u00e2ndia, Austr\u00e1lia, Let\u00f4nia e Sri Lanka. O estudo n\u00e3o inclui os resultados da luta pela conten\u00e7\u00e3o da pandemia em Cuba.<\/p>\n<p>Os pa\u00edses que obtiveram sucesso em suas pol\u00edticas p\u00fablicas praticamente erradicaram o v\u00edrus com medidas intensas de isolamento social, prote\u00e7\u00e3o econ\u00f4mica \u00e0s popula\u00e7\u00f5es, aplica\u00e7\u00e3o massiva de testes e rastreio de cont\u00e1gio.<\/p>\n<p>Chama aten\u00e7\u00e3o no relat\u00f3rio que na lista dos mais bem sucedidos est\u00e3o tanto alguns pa\u00edses ricos, como tamb\u00e9m emergentes e pobres. Ou seja,\u00a0<em>status\u00a0<\/em>econ\u00f4mico n\u00e3o impede governos respons\u00e1veis de preservar vidas.<\/p>\n<p><strong>Fonte: Contraf-CUT<\/strong><\/p>\n","protected":false},"excerpt":{"rendered":"<p>Nenhuma surpresa. O Brasil superou hoje (28) a marca de 9 milh\u00f5es de pessoas que atingidas pela covid-19 desde o in\u00edcio do surto, em mar\u00e7o passado. Com 61.811 novos casos nas \u00faltimas 24 horas, o n\u00famero oficial de infectados chegou a 9.058.687. O dia tamb\u00e9m foi de um grande n\u00famero de mortos pelo\u00a0novo coronav\u00edrus, com [&hellip;]<\/p>\n","protected":false},"author":2,"featured_media":10351,"comment_status":"","ping_status":"","sticky":false,"template":"","format":"standard","meta":{"footnotes":""},"categories":[3],"tags":[],"class_list":["post-10352","post","type-post","status-publish","format-standard","has-post-thumbnail","hentry","category-noticias"],"_links":{"self":[{"href":"https:\/\/hostnetart.com.br\/baixada\/wp-json\/wp\/v2\/posts\/10352","targetHints":{"allow":["GET"]}}],"collection":[{"href":"https:\/\/hostnetart.com.br\/baixada\/wp-json\/wp\/v2\/posts"}],"about":[{"href":"https:\/\/hostnetart.com.br\/baixada\/wp-json\/wp\/v2\/types\/post"}],"author":[{"embeddable":true,"href":"https:\/\/hostnetart.com.br\/baixada\/wp-json\/wp\/v2\/users\/2"}],"replies":[{"embeddable":true,"href":"https:\/\/hostnetart.com.br\/baixada\/wp-json\/wp\/v2\/comments?post=10352"}],"version-history":[{"count":0,"href":"https:\/\/hostnetart.com.br\/baixada\/wp-json\/wp\/v2\/posts\/10352\/revisions"}],"wp:featuredmedia":[{"embeddable":true,"href":"https:\/\/hostnetart.com.br\/baixada\/wp-json\/wp\/v2\/media\/10351"}],"wp:attachment":[{"href":"https:\/\/hostnetart.com.br\/baixada\/wp-json\/wp\/v2\/media?parent=10352"}],"wp:term":[{"taxonomy":"category","embeddable":true,"href":"https:\/\/hostnetart.com.br\/baixada\/wp-json\/wp\/v2\/categories?post=10352"},{"taxonomy":"post_tag","embeddable":true,"href":"https:\/\/hostnetart.com.br\/baixada\/wp-json\/wp\/v2\/tags?post=10352"}],"curies":[{"name":"wp","href":"https:\/\/api.w.org\/{rel}","templated":true}]}}