{"id":10350,"date":"2021-01-28T16:54:30","date_gmt":"2021-01-28T19:54:30","guid":{"rendered":"https:\/\/hostnetart.com.br\/baixada\/funcionarios-do-bndes-escolhem-representantes-sindicais-de-base\/"},"modified":"2021-01-28T16:54:30","modified_gmt":"2021-01-28T19:54:30","slug":"funcionarios-do-bndes-escolhem-representantes-sindicais-de-base","status":"publish","type":"post","link":"https:\/\/hostnetart.com.br\/baixada\/funcionarios-do-bndes-escolhem-representantes-sindicais-de-base\/","title":{"rendered":"Funcion\u00e1rios do BNDES escolhem representantes sindicais de base"},"content":{"rendered":"<p>Uma das conquistas da Campanha Nacional 2020, os funcion\u00e1rios do Banco Nacional de Desenvolvimento Econ\u00f4mico e Social (BNDES) votaram nesta quarta-feira (27) para a escolha dos quatro trabalhadores que ocupar\u00e3o a vaga de Delegado Representante Sindical (DRS) e seus suplentes.<\/p>\n<p>O vice-presidente da Confedera\u00e7\u00e3o Nacional dos Trabalhadores do Ramo Financeiro (Contraf-CUT), Vin\u00edcius de Assump\u00e7\u00e3o, lembrou que a cria\u00e7\u00e3o deste cargo foi a solu\u00e7\u00e3o para resolver o impasse gerado pelos ataques que a dire\u00e7\u00e3o do banco vem fazendo ao funcionalismo e suas organiza\u00e7\u00f5es. \u201cDevemos considerar uma grande vit\u00f3ria na mais dura negocia\u00e7\u00e3o j\u00e1 enfrentada pelos trabalhadores com a dire\u00e7\u00e3o do banco, fruto da atual conjuntura pol\u00edtica em que vivemos.\u201d<\/p>\n<p>Os candidatos mais votados foram Pauliane das Virgens de Oliveira, com 25,40%, Arthur Cesar Vasnconcelos Koblitz, com 22,66% dos votos, Paulo Rebou\u00e7as Monteiro Filho, com 11,98% dos votos, e Fernando Henrique de Ara\u00fajo G\u00f3es e Fabio da Rocha Pais, ambos com 10,58% dos votos.<\/p>\n<p>Arthur, por\u00e9m, j\u00e1 enviou uma carta \u00e0 Contraf-CUT abrindo m\u00e3o da posse como Delegado titular e ficar\u00e1 como suplente, neste mandato de um ano. Em breve, a Contraf-CUT enviar\u00e1 a solicita\u00e7\u00e3o de libera\u00e7\u00e3o dos eleitos, como rege o regulamento espec\u00edfico do DRS.<\/p>\n<p><strong>Fonte: Contraf-CUT<\/strong><\/p>\n","protected":false},"excerpt":{"rendered":"<p>Uma das conquistas da Campanha Nacional 2020, os funcion\u00e1rios do Banco Nacional de Desenvolvimento Econ\u00f4mico e Social (BNDES) votaram nesta quarta-feira (27) para a escolha dos quatro trabalhadores que ocupar\u00e3o a vaga de Delegado Representante Sindical (DRS) e seus suplentes. O vice-presidente da Confedera\u00e7\u00e3o Nacional dos Trabalhadores do Ramo Financeiro (Contraf-CUT), Vin\u00edcius de Assump\u00e7\u00e3o, lembrou [&hellip;]<\/p>\n","protected":false},"author":2,"featured_media":10349,"comment_status":"","ping_status":"","sticky":false,"template":"","format":"standard","meta":{"footnotes":""},"categories":[3],"tags":[],"class_list":["post-10350","post","type-post","status-publish","format-standard","has-post-thumbnail","hentry","category-noticias"],"_links":{"self":[{"href":"https:\/\/hostnetart.com.br\/baixada\/wp-json\/wp\/v2\/posts\/10350","targetHints":{"allow":["GET"]}}],"collection":[{"href":"https:\/\/hostnetart.com.br\/baixada\/wp-json\/wp\/v2\/posts"}],"about":[{"href":"https:\/\/hostnetart.com.br\/baixada\/wp-json\/wp\/v2\/types\/post"}],"author":[{"embeddable":true,"href":"https:\/\/hostnetart.com.br\/baixada\/wp-json\/wp\/v2\/users\/2"}],"replies":[{"embeddable":true,"href":"https:\/\/hostnetart.com.br\/baixada\/wp-json\/wp\/v2\/comments?post=10350"}],"version-history":[{"count":0,"href":"https:\/\/hostnetart.com.br\/baixada\/wp-json\/wp\/v2\/posts\/10350\/revisions"}],"wp:featuredmedia":[{"embeddable":true,"href":"https:\/\/hostnetart.com.br\/baixada\/wp-json\/wp\/v2\/media\/10349"}],"wp:attachment":[{"href":"https:\/\/hostnetart.com.br\/baixada\/wp-json\/wp\/v2\/media?parent=10350"}],"wp:term":[{"taxonomy":"category","embeddable":true,"href":"https:\/\/hostnetart.com.br\/baixada\/wp-json\/wp\/v2\/categories?post=10350"},{"taxonomy":"post_tag","embeddable":true,"href":"https:\/\/hostnetart.com.br\/baixada\/wp-json\/wp\/v2\/tags?post=10350"}],"curies":[{"name":"wp","href":"https:\/\/api.w.org\/{rel}","templated":true}]}}