{"id":10348,"date":"2021-01-28T16:53:30","date_gmt":"2021-01-28T19:53:30","guid":{"rendered":"https:\/\/hostnetart.com.br\/baixada\/bancarios-conquistam-reajuste-no-programa-bolsa-auxilio-educacao-do-itau\/"},"modified":"2021-01-28T16:53:30","modified_gmt":"2021-01-28T19:53:30","slug":"bancarios-conquistam-reajuste-no-programa-bolsa-auxilio-educacao-do-itau","status":"publish","type":"post","link":"https:\/\/hostnetart.com.br\/baixada\/bancarios-conquistam-reajuste-no-programa-bolsa-auxilio-educacao-do-itau\/","title":{"rendered":"Banc\u00e1rios conquistam reajuste no Programa Bolsa Aux\u00edlio Educa\u00e7\u00e3o do Ita\u00fa"},"content":{"rendered":"<p>Os banc\u00e1rios do Ita\u00fa conquistaram reajuste no Programa Bolsa Aux\u00edlio Educa\u00e7\u00e3o para 2021. O acordo foi firmado na reuni\u00e3o desta quinta-feira (28), realizada por videoconfer\u00eancia, entre a Comiss\u00e3o de Organiza\u00e7\u00e3o dos Empregados (COE) do Ita\u00fa e a dire\u00e7\u00e3o do banco.<\/p>\n<p>Ser\u00e3o 5.500 bolsas de estudo, no valor de R$450, um reajuste de aproximadamente 10%, na compara\u00e7\u00e3o com o valor do ano passado. Para 2022, o reajuste do programa ser\u00e1 o mesmo da categoria para os sal\u00e1rios, ou seja, a reposi\u00e7\u00e3o do INPC, mais 0,5%. A estimativa \u00e9 o valor seja de aproximadamente R$480.<\/p>\n<p>O banco Ita\u00fa anunciou ainda a permiss\u00e3o de acessos \u00e0 plataforma digital com uma diversidade de cursos, v\u00eddeos, palestras e f\u00f3runs abertos para todos os funcion\u00e1rios, dependentes, trabalhadores desligados e dirigentes sindicais.<\/p>\n<p>\u201c\u00c9 importante ressaltar que a concess\u00e3o dessas bolsas de estudo \u00e9 uma conquista dos trabalhadores, desde 2009, e est\u00e3o previstas no acordo aditivo de trabalho (ACT). Elas s\u00e3o fruto de reivindica\u00e7\u00f5es e negocia\u00e7\u00f5es da categoria. Ou seja, \u00e9 mais um exemplo de que os trabalhadores organizados conseguem avan\u00e7os\u201d, lembrou Jair Alves, coordenador da COE do Ita\u00fa.<\/p>\n<p><a href=\"https:\/\/contrafcut.com.br\/noticias\/programa-bolsa-auxilio-educacao-2021-do-itau-tem-inscricoes-abertas\/?swcfpc=1\" target=\"_blank\" rel=\"noopener noreferrer\">As inscri\u00e7\u00f5es para o Programa Bolsa Aux\u00edlio Educa\u00e7\u00e3o 2021 para a primeira e a segunda gradua\u00e7\u00e3o e para a primeira p\u00f3s gradua\u00e7\u00e3o j\u00e1 est\u00e3o abertas desde dezembro de 2020<\/a>. Para realizar a inscri\u00e7\u00e3o, os interessados devem acessar o IU Conecta pela rota: Para mim&gt; Benef\u00edcios&gt; Bolsa Auxilio Educa\u00e7\u00e3o&gt; Inscri\u00e7\u00e3o no ranking. As inscri\u00e7\u00f5es podem ser feitas at\u00e9 o dia 29 de janeiro de 2021.<\/p>\n<p><strong>Fonte: Contraf-CUT<\/strong><\/p>\n","protected":false},"excerpt":{"rendered":"<p>Os banc\u00e1rios do Ita\u00fa conquistaram reajuste no Programa Bolsa Aux\u00edlio Educa\u00e7\u00e3o para 2021. O acordo foi firmado na reuni\u00e3o desta quinta-feira (28), realizada por videoconfer\u00eancia, entre a Comiss\u00e3o de Organiza\u00e7\u00e3o dos Empregados (COE) do Ita\u00fa e a dire\u00e7\u00e3o do banco. Ser\u00e3o 5.500 bolsas de estudo, no valor de R$450, um reajuste de aproximadamente 10%, na [&hellip;]<\/p>\n","protected":false},"author":2,"featured_media":10347,"comment_status":"","ping_status":"","sticky":false,"template":"","format":"standard","meta":{"footnotes":""},"categories":[3],"tags":[],"class_list":["post-10348","post","type-post","status-publish","format-standard","has-post-thumbnail","hentry","category-noticias"],"_links":{"self":[{"href":"https:\/\/hostnetart.com.br\/baixada\/wp-json\/wp\/v2\/posts\/10348","targetHints":{"allow":["GET"]}}],"collection":[{"href":"https:\/\/hostnetart.com.br\/baixada\/wp-json\/wp\/v2\/posts"}],"about":[{"href":"https:\/\/hostnetart.com.br\/baixada\/wp-json\/wp\/v2\/types\/post"}],"author":[{"embeddable":true,"href":"https:\/\/hostnetart.com.br\/baixada\/wp-json\/wp\/v2\/users\/2"}],"replies":[{"embeddable":true,"href":"https:\/\/hostnetart.com.br\/baixada\/wp-json\/wp\/v2\/comments?post=10348"}],"version-history":[{"count":0,"href":"https:\/\/hostnetart.com.br\/baixada\/wp-json\/wp\/v2\/posts\/10348\/revisions"}],"wp:featuredmedia":[{"embeddable":true,"href":"https:\/\/hostnetart.com.br\/baixada\/wp-json\/wp\/v2\/media\/10347"}],"wp:attachment":[{"href":"https:\/\/hostnetart.com.br\/baixada\/wp-json\/wp\/v2\/media?parent=10348"}],"wp:term":[{"taxonomy":"category","embeddable":true,"href":"https:\/\/hostnetart.com.br\/baixada\/wp-json\/wp\/v2\/categories?post=10348"},{"taxonomy":"post_tag","embeddable":true,"href":"https:\/\/hostnetart.com.br\/baixada\/wp-json\/wp\/v2\/tags?post=10348"}],"curies":[{"name":"wp","href":"https:\/\/api.w.org\/{rel}","templated":true}]}}