{"id":10346,"date":"2021-01-28T14:09:13","date_gmt":"2021-01-28T17:09:13","guid":{"rendered":"https:\/\/hostnetart.com.br\/baixada\/funcionarios-do-bb-fazem-paralisacao-nacional-contra-reestruturacao\/"},"modified":"2021-01-28T14:09:13","modified_gmt":"2021-01-28T17:09:13","slug":"funcionarios-do-bb-fazem-paralisacao-nacional-contra-reestruturacao","status":"publish","type":"post","link":"https:\/\/hostnetart.com.br\/baixada\/funcionarios-do-bb-fazem-paralisacao-nacional-contra-reestruturacao\/","title":{"rendered":"Funcion\u00e1rios do BB fazem paralisa\u00e7\u00e3o nacional contra reestrutura\u00e7\u00e3o"},"content":{"rendered":"<p>Funcion\u00e1rios do Banco do Brasil fazem nesta sexta-feira (29) uma paralisa\u00e7\u00e3o contra o pacote de reestrutura\u00e7\u00e3o que a dire\u00e7\u00e3o do banco pretende aplicar. A mobiliza\u00e7\u00e3o foi discutida e organizada em sindicatos de norte a sul do pa\u00eds. A reestrutura\u00e7\u00e3o prev\u00ea o fechamento de centenas de ag\u00eancias, postos de atendimento e escrit\u00f3rios, al\u00e9m da demiss\u00e3o de 5 mil funcion\u00e1rios.<\/p>\n<p>\u201cOs sindicatos t\u00eam passado nas ag\u00eancias, levando faixas e conversando com os banc\u00e1rios, para que a gente fa\u00e7a uma grande mobiliza\u00e7\u00e3o no dia de amanh\u00e3, contra essa reestrutura\u00e7\u00e3o. S\u00f3 assim iremos for\u00e7ar o banco a negociar\u201d disse o coordenador nacional da Comiss\u00e3o de Empresa dos Funcion\u00e1rios do Banco do Brasil (CEBB), Jo\u00e3o Fukunaga.<\/p>\n<p>O plano que prev\u00ea milhares de demiss\u00f5es e fechamento de centenas de ag\u00eancias e outras unidades do BB n\u00e3o foi discutido com os funcion\u00e1rios e seus representantes. A rea\u00e7\u00e3o \u00e0 reestrutura\u00e7\u00e3o vem crescendo desde o seu an\u00fancio, no dia 11 deste m\u00eas. Na semana passada, dia 21, houve um Dia Nacional de Luta contra a Reestrutura\u00e7\u00e3o, que mobilizou funcion\u00e1rios em todo o Brasil. Foram realizadas reuni\u00f5es nas ag\u00eancias e escrit\u00f3rios, distribui\u00e7\u00e3o de uma carta aberta \u00e0 popula\u00e7\u00e3o, colagem de cartazes e um tuita\u00e7o com a hashtag #MeuBBvalemais, que figurou entre os 10 assuntos mais comentados no Twitter.<\/p>\n<p>Para Jo\u00e3o Fukunaga, a paralisa\u00e7\u00e3o desta sexta acontece em um momento grave do pa\u00eds, que vive o impacto da segunda onda da pandemia. \u201c\u00c9 uma luta de dentro do BB para fora, para a popula\u00e7\u00e3o. \u00c9 uma luta para preserva\u00e7\u00e3o da vida das pessoas, de quem \u00e9 grupo de risco. Estamos convocando o pessoal que est\u00e1 em home office a n\u00e3o bater o ponto, para fazermos uma grande mobiliza\u00e7\u00e3o. Essa \u00e9 uma greve de dentro para fora, por conta, inclusive, da pandemia, da grande parte dos funcion\u00e1rios estarem em home office\u201d, explicou o coordenador da CEBB.<\/p>\n<p><span style=\"text-decoration: underline;\">Lucros<\/span><\/p>\n<p>Outro ponto destacado por Fukunaga \u00e9 que, para a dire\u00e7\u00e3o do BB, a demiss\u00e3o de milhares de funcion\u00e1rios e o desmonte do banco \u00e9 feito para ampliar os lucros aos acionistas. Na segunda-feira (25), a dire\u00e7\u00e3o do banco anunciou sua distribui\u00e7\u00e3o de dividendos em 2021, em documento enviado ao mercado. De acordo com o documento, o percentual do lucro pago aos acionistas (payout) ser\u00e1 de 40%. Sobre o resultado de 2020, o BB aprovou um payout de 35,29%.<\/p>\n<p>\u201cPara a dire\u00e7\u00e3o do banco, o que vale nessa reestrutura\u00e7\u00e3o, com a desestrutura\u00e7\u00e3o de fam\u00edlias, retirada de comiss\u00e3o, for\u00e7ando as pessoas a sa\u00edrem no PDV \u00e9 o pagamento dos acionistas. \u00e9 para isso que est\u00e1 sendo feita essa reestrutura\u00e7\u00e3o. com isso, a gente v\u00ea o quanto o funcion\u00e1rio vale para o banco\u201d, completou.<\/p>\n<p><strong>Fonte: Contraf-CUT<\/strong><\/p>\n","protected":false},"excerpt":{"rendered":"<p>Funcion\u00e1rios do Banco do Brasil fazem nesta sexta-feira (29) uma paralisa\u00e7\u00e3o contra o pacote de reestrutura\u00e7\u00e3o que a dire\u00e7\u00e3o do banco pretende aplicar. A mobiliza\u00e7\u00e3o foi discutida e organizada em sindicatos de norte a sul do pa\u00eds. A reestrutura\u00e7\u00e3o prev\u00ea o fechamento de centenas de ag\u00eancias, postos de atendimento e escrit\u00f3rios, al\u00e9m da demiss\u00e3o de [&hellip;]<\/p>\n","protected":false},"author":2,"featured_media":10345,"comment_status":"","ping_status":"","sticky":false,"template":"","format":"standard","meta":{"footnotes":""},"categories":[3],"tags":[],"class_list":["post-10346","post","type-post","status-publish","format-standard","has-post-thumbnail","hentry","category-noticias"],"_links":{"self":[{"href":"https:\/\/hostnetart.com.br\/baixada\/wp-json\/wp\/v2\/posts\/10346","targetHints":{"allow":["GET"]}}],"collection":[{"href":"https:\/\/hostnetart.com.br\/baixada\/wp-json\/wp\/v2\/posts"}],"about":[{"href":"https:\/\/hostnetart.com.br\/baixada\/wp-json\/wp\/v2\/types\/post"}],"author":[{"embeddable":true,"href":"https:\/\/hostnetart.com.br\/baixada\/wp-json\/wp\/v2\/users\/2"}],"replies":[{"embeddable":true,"href":"https:\/\/hostnetart.com.br\/baixada\/wp-json\/wp\/v2\/comments?post=10346"}],"version-history":[{"count":0,"href":"https:\/\/hostnetart.com.br\/baixada\/wp-json\/wp\/v2\/posts\/10346\/revisions"}],"wp:featuredmedia":[{"embeddable":true,"href":"https:\/\/hostnetart.com.br\/baixada\/wp-json\/wp\/v2\/media\/10345"}],"wp:attachment":[{"href":"https:\/\/hostnetart.com.br\/baixada\/wp-json\/wp\/v2\/media?parent=10346"}],"wp:term":[{"taxonomy":"category","embeddable":true,"href":"https:\/\/hostnetart.com.br\/baixada\/wp-json\/wp\/v2\/categories?post=10346"},{"taxonomy":"post_tag","embeddable":true,"href":"https:\/\/hostnetart.com.br\/baixada\/wp-json\/wp\/v2\/tags?post=10346"}],"curies":[{"name":"wp","href":"https:\/\/api.w.org\/{rel}","templated":true}]}}