{"id":10334,"date":"2021-01-27T14:00:25","date_gmt":"2021-01-27T17:00:25","guid":{"rendered":"https:\/\/hostnetart.com.br\/baixada\/bancarios-do-banco-do-brasil-aprovam-paralisacao-para-a-proxima-sexta-feira\/"},"modified":"2021-01-27T14:00:25","modified_gmt":"2021-01-27T17:00:25","slug":"bancarios-do-banco-do-brasil-aprovam-paralisacao-para-a-proxima-sexta-feira","status":"publish","type":"post","link":"https:\/\/hostnetart.com.br\/baixada\/bancarios-do-banco-do-brasil-aprovam-paralisacao-para-a-proxima-sexta-feira\/","title":{"rendered":"Banc\u00e1rios do Banco do Brasil aprovam paralisa\u00e7\u00e3o para a pr\u00f3xima sexta-feira"},"content":{"rendered":"<p>Banc\u00e1rias e banc\u00e1rios do Banco do Brasil em todo o pa\u00eds, aprovaram\u00a0em assembleias ocorridas nos \u00faltimos dias,\u00a0manifesta\u00e7\u00f5es (em muitas cidades ser\u00e3o paralisa\u00e7\u00f5es e retardamento na abertura das ag\u00eancias) contra os cortes e desmontes promovidos pelo governo Jair Bolsonaro, na pr\u00f3xima sexta-feira (29). A a\u00e7\u00e3o foi aprovada em assembleias virtuais. Os trabalhadores criticam a\u00a0<a href=\"https:\/\/www.redebrasilatual.com.br\/economia\/2021\/01\/desmonte-do-banco-do-brasil-vai-precarizar-atendimento-a-populacao\/\" target=\"_blank\" rel=\"noopener noreferrer\">reestrutura\u00e7\u00e3o anunciada pela dire\u00e7\u00e3o do banco<\/a>, que prev\u00ea fechamento de centenas de unidades e a demiss\u00e3o de milhares de trabalhadores.<\/p>\n<p>A\u00a0paralisa\u00e7\u00e3o \u00e9 uma resposta ao governo federal\u00a0que vem promovendo o desmonte do banco e atacando os direitos dos funcion\u00e1rios.<\/p>\n<p>O Banco do Brasil anunciou,\u00a0<a href=\"https:\/\/www.redebrasilatual.com.br\/economia\/2021\/01\/desmonte-do-banco-do-brasil-e-compromisso-de-guedes-tem-de-vender-essa-p-logo\/\" target=\"_blank\" rel=\"noopener noreferrer\">no \u00faltimo dia 11<\/a>, que pretende demitir 5 mil funcion\u00e1rios at\u00e9 o in\u00edcio de fevereiro e desativar 361 unidades, entre as quais 112 ag\u00eancias e 242 postos de atendimento. Al\u00e9m do ataque aos direitos dos trabalhadores, que est\u00e3o sendo removidos dos seus pontos, com comiss\u00f5es reduzidas, esse desmonte tamb\u00e9m deve afetar o atendimento \u00e0 popula\u00e7\u00e3o.<\/p>\n<h2><span style=\"text-decoration: underline;\">Calend\u00e1rio de lutas<\/span><\/h2>\n<p>Nesta \u00faltima\u00a0ter\u00e7a (26), uma plen\u00e1ria foi realizada por centrais sindicais e as Frentes Brasil Popular e Povo sem Medo, onde<a href=\"https:\/\/www.fup.org.br\/ultimas-noticias\/item\/26263-movimentos-sociais-e-sindicais-defendem-uniao-de-todos-os-setores-por-fora-bolsonaro\" target=\"_blank\" rel=\"noopener noreferrer\">\u00a0decidiram pela uni\u00e3o de todos os setores<\/a>\u00a0que defendem o impeachment de Bolsonaro, a vacina e o retorno do aux\u00edlio emergencial.<\/p>\n<p>Durante a reuni\u00e3o, que contou com quase 500 integrantes, foi definido um calend\u00e1rio de lutas, que inicia com a paralisa\u00e7\u00e3o no Banco do Brasil e vai at\u00e9 o dia 8 de mar\u00e7o, o Dia Internacional da Mulher. No pr\u00f3ximo dia 31, ser\u00e1 realizada uma nova carreata em todos os munic\u00edpios contra o presidente da Rep\u00fablica.<\/p>\n<p>O vice-presidente da CUT, Vagner Freitas, explicou que a diferen\u00e7a da conjuntura dos \u00faltimos meses \u00e9 que setores conservadores tamb\u00e9m come\u00e7am a reivindicar o \u201cFora Bolsonaro\u201d. Segundo ele, a sa\u00edda do presidente se tornou necess\u00e1ria para que o pa\u00eds retome o seu crescimento.<\/p>\n<p>\u201cDefender o Fora Bolsonaro \u00e9 defender a vida, o emprego. Ele \u00e9 o grande empecilho para que o pa\u00eds saia da crise econ\u00f4mica. Seu negacionismo da doen\u00e7a e seu desempenho frente \u00e0 pandemia da Covid-19 impedem que a vacina chegue a todos, e sem vacina haver\u00e1 uma paralisia na economia e o aumento do desemprego\u201d, afirmou Freitas.<\/p>\n<p><strong>Fonte: Rede Brasil Atual<\/strong><\/p>\n<p>\u00a0<\/p>\n","protected":false},"excerpt":{"rendered":"<p>Banc\u00e1rias e banc\u00e1rios do Banco do Brasil em todo o pa\u00eds, aprovaram\u00a0em assembleias ocorridas nos \u00faltimos dias,\u00a0manifesta\u00e7\u00f5es (em muitas cidades ser\u00e3o paralisa\u00e7\u00f5es e retardamento na abertura das ag\u00eancias) contra os cortes e desmontes promovidos pelo governo Jair Bolsonaro, na pr\u00f3xima sexta-feira (29). A a\u00e7\u00e3o foi aprovada em assembleias virtuais. Os trabalhadores criticam a\u00a0reestrutura\u00e7\u00e3o anunciada pela [&hellip;]<\/p>\n","protected":false},"author":2,"featured_media":10333,"comment_status":"","ping_status":"","sticky":false,"template":"","format":"standard","meta":{"footnotes":""},"categories":[3],"tags":[],"class_list":["post-10334","post","type-post","status-publish","format-standard","has-post-thumbnail","hentry","category-noticias"],"_links":{"self":[{"href":"https:\/\/hostnetart.com.br\/baixada\/wp-json\/wp\/v2\/posts\/10334","targetHints":{"allow":["GET"]}}],"collection":[{"href":"https:\/\/hostnetart.com.br\/baixada\/wp-json\/wp\/v2\/posts"}],"about":[{"href":"https:\/\/hostnetart.com.br\/baixada\/wp-json\/wp\/v2\/types\/post"}],"author":[{"embeddable":true,"href":"https:\/\/hostnetart.com.br\/baixada\/wp-json\/wp\/v2\/users\/2"}],"replies":[{"embeddable":true,"href":"https:\/\/hostnetart.com.br\/baixada\/wp-json\/wp\/v2\/comments?post=10334"}],"version-history":[{"count":0,"href":"https:\/\/hostnetart.com.br\/baixada\/wp-json\/wp\/v2\/posts\/10334\/revisions"}],"wp:featuredmedia":[{"embeddable":true,"href":"https:\/\/hostnetart.com.br\/baixada\/wp-json\/wp\/v2\/media\/10333"}],"wp:attachment":[{"href":"https:\/\/hostnetart.com.br\/baixada\/wp-json\/wp\/v2\/media?parent=10334"}],"wp:term":[{"taxonomy":"category","embeddable":true,"href":"https:\/\/hostnetart.com.br\/baixada\/wp-json\/wp\/v2\/categories?post=10334"},{"taxonomy":"post_tag","embeddable":true,"href":"https:\/\/hostnetart.com.br\/baixada\/wp-json\/wp\/v2\/tags?post=10334"}],"curies":[{"name":"wp","href":"https:\/\/api.w.org\/{rel}","templated":true}]}}