{"id":10330,"date":"2021-01-27T04:30:35","date_gmt":"2021-01-27T07:30:35","guid":{"rendered":"https:\/\/hostnetart.com.br\/baixada\/pandemia-escancarou-a-necessidade-de-lutar-contra-a-desigualdade-diz-fundador-do-forum-social-mundial\/"},"modified":"2021-01-27T04:30:35","modified_gmt":"2021-01-27T07:30:35","slug":"pandemia-escancarou-a-necessidade-de-lutar-contra-a-desigualdade-diz-fundador-do-forum-social-mundial","status":"publish","type":"post","link":"https:\/\/hostnetart.com.br\/baixada\/pandemia-escancarou-a-necessidade-de-lutar-contra-a-desigualdade-diz-fundador-do-forum-social-mundial\/","title":{"rendered":"\u2018Pandemia escancarou a necessidade de lutar contra a desigualdade\u2019, diz fundador do F\u00f3rum Social Mundial"},"content":{"rendered":"<p>Ampla gama de estudos econ\u00f4micos realizados desde o in\u00edcio da pandemia de covid-19 no mundo desmascaram os problemas do capitalismo neoliberal e o agravamento da desigualdade social no mundo. O abismo entre classes \u00e9 um dos principais temas do\u00a0<a href=\"https:\/\/www.redebrasilatual.com.br\/economia\/2021\/01\/crise-climatica-e-alimentar-sao-os-principais-desafios-do-mundo-pos-pandemia\/\" target=\"_blank\" rel=\"noopener noreferrer\">F\u00f3rum Social Mundial (FSM)<\/a>, desde s\u00e1bado (23). Para Oded Grajew, idealizador do evento e presidente em\u00e9rito do Instituto Ethos de Responsabilidade Social, \u00e9 urgente discutir um\u00a0<a href=\"https:\/\/www.redebrasilatual.com.br\/economia\/2020\/10\/governo-crise-pandemia-economista\/\">novo modelo econ\u00f4mico<\/a>\u00a0para o mundo p\u00f3s-crise sanit\u00e1ria.<\/p>\n<p>Realizado de maneira virtual, o FSM chega \u00e0 sua 20\u00ba edi\u00e7\u00e3o. Al\u00e9m das desigualdades de renda e seus recortes de ra\u00e7a e de g\u00eanero, o evento debate a defesa da democracia e a preserva\u00e7\u00e3o do meio-ambiente. O F\u00f3rum ocorre at\u00e9 o pr\u00f3ximo dia 31 e pode ser\u00a0<a href=\"https:\/\/wsf2021.net\/\" target=\"_blank\" rel=\"noopener noreferrer\">acompanhado em seu portal<\/a>.<\/p>\n<p>A Oxfam Brasil aponta que os mil maiores bilion\u00e1rios do mundo j\u00e1 conseguiram reaver as perdas financeiras provocadas na pandemia. Entretanto, os mais pobres, dever\u00e3o levar pelo menos\u00a0<a href=\"https:\/\/www.cartacapital.com.br\/mundo\/mais-pobres-levarao-14-anos-para-recuperar-perdas-com-a-covid-19-aponta-oxfam\/\" target=\"_blank\" rel=\"noopener noreferrer\">14 anos para recuperar<\/a>\u00a0o n\u00edvel de pobreza que tinham antes da covid. A entidade mostra tamb\u00e9m que as grandes corpora\u00e7\u00f5es lucraram muito mais com a crise sanit\u00e1ria.<\/p>\n<p>Oded Grajew afirma que o modelo econ\u00f4mico global\u00a0<a href=\"https:\/\/www.redebrasilatual.com.br\/economia\/2020\/08\/objetivo-e-taxar-os-super-ricos-e-nao-a-classe-media-afirma-dino\/\" target=\"_blank\" rel=\"noopener noreferrer\">se alimenta dessa desigualdade<\/a>\u00a0e deixa a popula\u00e7\u00e3o pobre cada vez mais vulner\u00e1vel. \u201cDiante da pandemia e sua escassez, os super-ricos det\u00e9m a maior parte do poder pol\u00edtico, ent\u00e3o submete as decis\u00f5es aos seus interesses, deixando seus recursos mais protegidos. A pandemia escancarou a enorme desigualdade do mundo, que tem suas ra\u00edzes no modelo capitalista neoliberal, desconectada com os direitos humanos\u201d, afirmou ao jornalista Gilberto Nascimento, na\u00a0<strong>R\u00e1dio Brasil Atual<\/strong>.<\/p>\n<h2>Brasil no FSM21<\/h2>\n<p>Governado por Jair Bolsonaro, o Brasil vive um cen\u00e1rio in\u00e9dito desde a cria\u00e7\u00e3o do F\u00f3rum Social Mundial. Sob um governo autorit\u00e1rio, os brasileiros podem buscar mudan\u00e7as para o pa\u00eds, no FSM, avalia Grajew.<\/p>\n<p>Na avalia\u00e7\u00e3o do idealizador do F\u00f3rum, a conex\u00e3o do Brasil ao autoritarismo tamb\u00e9m est\u00e1 ligada ao aumento da desigualdade social. \u201cN\u00f3s menosprezamos, ao longo dos anos, a quest\u00e3o da desigualdade, que \u00e9 respons\u00e1vel por originar regimes autorit\u00e1rios\u201d, explicou Oded. Por\u00e9m, ele acredita que a ficha da popula\u00e7\u00e3o est\u00e1 caindo. \u201cCom 200 mil mortos e amea\u00e7as do presidente, estamos vendo uma mobiliza\u00e7\u00e3o social no sentido de reagir a essa situa\u00e7\u00e3o do Brasil\u201d, acrescentou.<\/p>\n<p>Outra pauta que precisa ser debatida no evento, ao analisar o cen\u00e1rio brasileiro, \u00e9 a volta do pa\u00eds ao\u00a0<a href=\"https:\/\/www.redebrasilatual.com.br\/cidadania\/2020\/10\/atitudes-compensar-falta-politicas-publicas-contra-fome\/\" target=\"_blank\" rel=\"noopener noreferrer\">Mapa da Fome<\/a>, ap\u00f3s o impeachment de Dilma Rousseff. \u201cDemoramos muitos anos, foram v\u00e1rias a\u00e7\u00f5es e pol\u00edticas p\u00fablicas, para que o pa\u00eds sa\u00edsse do Mapa da Fome. Somos um dos pa\u00edses mais ricos do mundo, o que deixa nossa desigualdade e nossa fome mais humilhante. Temos tantas riquezas, tantos recursos para alimentar nosso povo, que nos deixa mais triste\u201d, criticou.<\/p>\n<p><strong>Fonte: Rede Brasil Atual<\/strong><\/p>\n","protected":false},"excerpt":{"rendered":"<p>Ampla gama de estudos econ\u00f4micos realizados desde o in\u00edcio da pandemia de covid-19 no mundo desmascaram os problemas do capitalismo neoliberal e o agravamento da desigualdade social no mundo. O abismo entre classes \u00e9 um dos principais temas do\u00a0F\u00f3rum Social Mundial (FSM), desde s\u00e1bado (23). Para Oded Grajew, idealizador do evento e presidente em\u00e9rito do [&hellip;]<\/p>\n","protected":false},"author":2,"featured_media":10329,"comment_status":"","ping_status":"","sticky":false,"template":"","format":"standard","meta":{"footnotes":""},"categories":[3],"tags":[],"class_list":["post-10330","post","type-post","status-publish","format-standard","has-post-thumbnail","hentry","category-noticias"],"_links":{"self":[{"href":"https:\/\/hostnetart.com.br\/baixada\/wp-json\/wp\/v2\/posts\/10330","targetHints":{"allow":["GET"]}}],"collection":[{"href":"https:\/\/hostnetart.com.br\/baixada\/wp-json\/wp\/v2\/posts"}],"about":[{"href":"https:\/\/hostnetart.com.br\/baixada\/wp-json\/wp\/v2\/types\/post"}],"author":[{"embeddable":true,"href":"https:\/\/hostnetart.com.br\/baixada\/wp-json\/wp\/v2\/users\/2"}],"replies":[{"embeddable":true,"href":"https:\/\/hostnetart.com.br\/baixada\/wp-json\/wp\/v2\/comments?post=10330"}],"version-history":[{"count":0,"href":"https:\/\/hostnetart.com.br\/baixada\/wp-json\/wp\/v2\/posts\/10330\/revisions"}],"wp:featuredmedia":[{"embeddable":true,"href":"https:\/\/hostnetart.com.br\/baixada\/wp-json\/wp\/v2\/media\/10329"}],"wp:attachment":[{"href":"https:\/\/hostnetart.com.br\/baixada\/wp-json\/wp\/v2\/media?parent=10330"}],"wp:term":[{"taxonomy":"category","embeddable":true,"href":"https:\/\/hostnetart.com.br\/baixada\/wp-json\/wp\/v2\/categories?post=10330"},{"taxonomy":"post_tag","embeddable":true,"href":"https:\/\/hostnetart.com.br\/baixada\/wp-json\/wp\/v2\/tags?post=10330"}],"curies":[{"name":"wp","href":"https:\/\/api.w.org\/{rel}","templated":true}]}}