{"id":10328,"date":"2021-01-27T04:29:32","date_gmt":"2021-01-27T07:29:32","guid":{"rendered":"https:\/\/hostnetart.com.br\/baixada\/live-debate-reestruturacao-no-bb\/"},"modified":"2021-01-27T04:29:32","modified_gmt":"2021-01-27T07:29:32","slug":"live-debate-reestruturacao-no-bb","status":"publish","type":"post","link":"https:\/\/hostnetart.com.br\/baixada\/live-debate-reestruturacao-no-bb\/","title":{"rendered":"Live debate reestrutura\u00e7\u00e3o no BB"},"content":{"rendered":"<p>Nesta quarta-feira (27), a reestrutura\u00e7\u00e3o do Banco do Brasil e a rea\u00e7\u00e3o dos funcion\u00e1rios ser\u00e3o temas de uma live \u00e0s 18h. Participam da live Ramon Peres, presidente do Sindicato dos Banc\u00e1rios de Belo Horizonte e Regi\u00e3o; Rog\u00e9rio Tavares, diretor do Sindicato dos Banc\u00e1rios de BH e funcion\u00e1rio do BB; a assessora jur\u00eddica do Sindicato dos Banc\u00e1rios de BH, Giovana Meireles; e o coordenador nacional da Comiss\u00e3o de Empresa dos Funcion\u00e1rios do Banco do Brasil (CEBB), Jo\u00e3o Fukunaga.<\/p>\n<p>N\u00e3o perca o debate sobre a reestrutura\u00e7\u00e3o, que movimenta os funcion\u00e1rios do BB neste in\u00edcio de 2021. A live come\u00e7a \u00e0s 18h desta quarta-feira (27) pela p\u00e1gina da Contraf-CUT\u00a0 (https:\/\/www.facebook.com\/contrafcut\/).<\/p>\n<p><strong>Fonte: Contraf-CUT<\/strong><\/p>\n","protected":false},"excerpt":{"rendered":"<p>Nesta quarta-feira (27), a reestrutura\u00e7\u00e3o do Banco do Brasil e a rea\u00e7\u00e3o dos funcion\u00e1rios ser\u00e3o temas de uma live \u00e0s 18h. Participam da live Ramon Peres, presidente do Sindicato dos Banc\u00e1rios de Belo Horizonte e Regi\u00e3o; Rog\u00e9rio Tavares, diretor do Sindicato dos Banc\u00e1rios de BH e funcion\u00e1rio do BB; a assessora jur\u00eddica do Sindicato dos [&hellip;]<\/p>\n","protected":false},"author":2,"featured_media":10327,"comment_status":"","ping_status":"","sticky":false,"template":"","format":"standard","meta":{"footnotes":""},"categories":[3],"tags":[],"class_list":["post-10328","post","type-post","status-publish","format-standard","has-post-thumbnail","hentry","category-noticias"],"_links":{"self":[{"href":"https:\/\/hostnetart.com.br\/baixada\/wp-json\/wp\/v2\/posts\/10328","targetHints":{"allow":["GET"]}}],"collection":[{"href":"https:\/\/hostnetart.com.br\/baixada\/wp-json\/wp\/v2\/posts"}],"about":[{"href":"https:\/\/hostnetart.com.br\/baixada\/wp-json\/wp\/v2\/types\/post"}],"author":[{"embeddable":true,"href":"https:\/\/hostnetart.com.br\/baixada\/wp-json\/wp\/v2\/users\/2"}],"replies":[{"embeddable":true,"href":"https:\/\/hostnetart.com.br\/baixada\/wp-json\/wp\/v2\/comments?post=10328"}],"version-history":[{"count":0,"href":"https:\/\/hostnetart.com.br\/baixada\/wp-json\/wp\/v2\/posts\/10328\/revisions"}],"wp:featuredmedia":[{"embeddable":true,"href":"https:\/\/hostnetart.com.br\/baixada\/wp-json\/wp\/v2\/media\/10327"}],"wp:attachment":[{"href":"https:\/\/hostnetart.com.br\/baixada\/wp-json\/wp\/v2\/media?parent=10328"}],"wp:term":[{"taxonomy":"category","embeddable":true,"href":"https:\/\/hostnetart.com.br\/baixada\/wp-json\/wp\/v2\/categories?post=10328"},{"taxonomy":"post_tag","embeddable":true,"href":"https:\/\/hostnetart.com.br\/baixada\/wp-json\/wp\/v2\/tags?post=10328"}],"curies":[{"name":"wp","href":"https:\/\/api.w.org\/{rel}","templated":true}]}}