{"id":10326,"date":"2021-01-27T04:28:27","date_gmt":"2021-01-27T07:28:27","guid":{"rendered":"https:\/\/hostnetart.com.br\/baixada\/comando-nacional-dos-bancarios-vai-cobrar-volta-do-home-office-da-fenaban\/"},"modified":"2021-01-27T04:28:27","modified_gmt":"2021-01-27T07:28:27","slug":"comando-nacional-dos-bancarios-vai-cobrar-volta-do-home-office-da-fenaban","status":"publish","type":"post","link":"https:\/\/hostnetart.com.br\/baixada\/comando-nacional-dos-bancarios-vai-cobrar-volta-do-home-office-da-fenaban\/","title":{"rendered":"Comando Nacional dos Banc\u00e1rios vai cobrar volta do home office da Fenaban"},"content":{"rendered":"<p>O Comando Nacional dos Banc\u00e1rios vai se reunir na pr\u00f3xima ter\u00e7a-feira (2) com a Federa\u00e7\u00e3o Nacional dos Bancos (Fenaban) para discutir a ado\u00e7\u00e3o de medidas preventivas para proteger a categoria diante do aumento da segunda onda da Covid-19 que atinge todo o Brasil. Um dos pontos a ser tratado no encontro, que se dar\u00e1 de forma virtual, ser\u00e1 a retomada e mesmo a amplia\u00e7\u00e3o do home office, que deixou de ser adotado por alguns bancos.<\/p>\n<p>\u201cO centro dessa reuni\u00e3o do dia 2 \u00e9 chamar a Fenaban e os bancos \u00e0 responsabilidade diante da gravidade do momento. A segunda onda est\u00e1 com cont\u00e1gio muito mais elevado e se n\u00e3o forem tomadas medidas, a trag\u00e9dia vai ser grande\u201d, alertou o secret\u00e1rio de Sa\u00fade do Trabalhador da Confedera\u00e7\u00e3o Nacional dos Trabalhadores do Ramo Financeiro (Contraf-CUT), Mauro Salles Machado.<\/p>\n<p>O secret\u00e1rio lembra que no primeiro semestre do ano passado, no in\u00edcio da pandemia, o Comando Nacional dos Banc\u00e1rios e a Fenaban firmaram um acordo com medidas protetivas que foi importante. \u201cTivemos medidas fortes quando come\u00e7ou a pandemia. Flexibilizar as medidas protetivas neste momento \u00e9 uma tremenda irresponsabilidade. Os bancos que n\u00e3o levarem em conta a gravidade do momento podem ser respons\u00e1veis pelo aumento da doen\u00e7as e do n\u00famero de mortes na categoria. Estamos passando pelo pior momento da pandemia. N\u00e3o tem sentido argumentar que os banc\u00e1rios n\u00e3o devem votar ao home office. Vamos cobrar fortemente isso, mas tamb\u00e9m outras medidas que foram flexibilizadas, como rod\u00edzio e controle de atendimento nas ag\u00eancias\u201d, completou Mauro Salles.<\/p>\n<p>\u201cO n\u00famero de casos no Brasil voltou a aumentar e j\u00e1 \u00e9 maior do que nos piores momentos da pandemia. Al\u00e9m disso, estamos vendo diversos pa\u00edses avan\u00e7arem na vacina\u00e7\u00e3o, enquanto ainda n\u00e3o estamos perto de vacinar nem sequer os que fazem parte dos grupos priorit\u00e1rios, devido \u00e0 incompet\u00eancia e ao descaso criminosos do governo federal. Por isso, vamos cobrar dos bancos que voltem a adotar medidas protetivas como no in\u00edcio da pandemia. A amplia\u00e7\u00e3o do home office \u00e9 fundamental para proteger a vida dis banc\u00e1rios e de suas fam\u00edlias\u201d, destaca a presidenta do Sindicato dos Banc\u00e1rios de S\u00e3o Paulo, Ivone Silva, uma das coordenadoras do Comando Nacional dos Banc\u00e1rios. O movimento sindical banc\u00e1rio defende que a vacina seja gratuita, para todos os brasileiros e aplicada pelo SUS.<\/p>\n<p>O alerta de Ivone para a incompet\u00eancia do governo federal para enfrentar a crise tem uma tr\u00e1gica combina\u00e7\u00e3o com o aumento do desemprego. A taxa de desemprego no Brasil no \u00faltimo trimestre do ano passado chegou a 14,3%, recorde desde o in\u00edcio da s\u00e9rie hist\u00f3rica do Instituto Brasileiro de Geografia e Estat\u00edstica (IBGE). Para piorar o cen\u00e1rio, desde o in\u00edcio de janeiro milh\u00f5es de trabalhadores ficaram sem o aux\u00edlio emergencial, que garantiu um m\u00ednimo de sobreviv\u00eancias a muitas fam\u00edlias e garantiu que a economia n\u00e3o despencasse ainda mais em 2020.<\/p>\n<p>O governo Bolsonaro se mostrou incapaz de conseguir um estoque de vacinas para proteger a popula\u00e7\u00e3o. A trag\u00e9dia de mortes em Manaus pela Covid, que s\u00f3 comprovou a incapacidade do governo para enfrentar a pandemia. Ao mesmo tempo, assistimos ao um aumento assustador do n\u00famero de mortes pela doen\u00e7a nos principais centros urbanos. Nos aproximamos de 220 mil mortes causadas pelo coronav\u00edrus e a m\u00e9dia di\u00e1ria de \u00f3bitos completou, na segunda-feira (25), cinco dias com mais de mil ocorr\u00eancias.<\/p>\n<p>\u201cA pandemia mostrou que os bancos n\u00e3o tiveram problemas de lucratividade com essas medidas protetivas. Eles continuaram fazendo neg\u00f3cios. Agora, podem ser responsabilizados por essa trag\u00e9dia que est\u00e1 na nossa porta\u201d, declarou Mauro Salles.<\/p>\n<p><strong>Fonte: Contraf-CUT<\/strong><\/p>\n","protected":false},"excerpt":{"rendered":"<p>O Comando Nacional dos Banc\u00e1rios vai se reunir na pr\u00f3xima ter\u00e7a-feira (2) com a Federa\u00e7\u00e3o Nacional dos Bancos (Fenaban) para discutir a ado\u00e7\u00e3o de medidas preventivas para proteger a categoria diante do aumento da segunda onda da Covid-19 que atinge todo o Brasil. Um dos pontos a ser tratado no encontro, que se dar\u00e1 de [&hellip;]<\/p>\n","protected":false},"author":2,"featured_media":10325,"comment_status":"","ping_status":"","sticky":false,"template":"","format":"standard","meta":{"footnotes":""},"categories":[3],"tags":[],"class_list":["post-10326","post","type-post","status-publish","format-standard","has-post-thumbnail","hentry","category-noticias"],"_links":{"self":[{"href":"https:\/\/hostnetart.com.br\/baixada\/wp-json\/wp\/v2\/posts\/10326","targetHints":{"allow":["GET"]}}],"collection":[{"href":"https:\/\/hostnetart.com.br\/baixada\/wp-json\/wp\/v2\/posts"}],"about":[{"href":"https:\/\/hostnetart.com.br\/baixada\/wp-json\/wp\/v2\/types\/post"}],"author":[{"embeddable":true,"href":"https:\/\/hostnetart.com.br\/baixada\/wp-json\/wp\/v2\/users\/2"}],"replies":[{"embeddable":true,"href":"https:\/\/hostnetart.com.br\/baixada\/wp-json\/wp\/v2\/comments?post=10326"}],"version-history":[{"count":0,"href":"https:\/\/hostnetart.com.br\/baixada\/wp-json\/wp\/v2\/posts\/10326\/revisions"}],"wp:featuredmedia":[{"embeddable":true,"href":"https:\/\/hostnetart.com.br\/baixada\/wp-json\/wp\/v2\/media\/10325"}],"wp:attachment":[{"href":"https:\/\/hostnetart.com.br\/baixada\/wp-json\/wp\/v2\/media?parent=10326"}],"wp:term":[{"taxonomy":"category","embeddable":true,"href":"https:\/\/hostnetart.com.br\/baixada\/wp-json\/wp\/v2\/categories?post=10326"},{"taxonomy":"post_tag","embeddable":true,"href":"https:\/\/hostnetart.com.br\/baixada\/wp-json\/wp\/v2\/tags?post=10326"}],"curies":[{"name":"wp","href":"https:\/\/api.w.org\/{rel}","templated":true}]}}