{"id":10322,"date":"2021-01-26T20:16:23","date_gmt":"2021-01-26T23:16:23","guid":{"rendered":"https:\/\/hostnetart.com.br\/baixada\/contraf-cut-completa-15-anos-na-luta-em-defesa-dos-direitos-da-categoria-bancaria\/"},"modified":"2021-01-26T20:16:23","modified_gmt":"2021-01-26T23:16:23","slug":"contraf-cut-completa-15-anos-na-luta-em-defesa-dos-direitos-da-categoria-bancaria","status":"publish","type":"post","link":"https:\/\/hostnetart.com.br\/baixada\/contraf-cut-completa-15-anos-na-luta-em-defesa-dos-direitos-da-categoria-bancaria\/","title":{"rendered":"Contraf-CUT completa 15 anos na luta em defesa dos direitos da categoria banc\u00e1ria"},"content":{"rendered":"<p>A Confedera\u00e7\u00e3o Nacional dos Trabalhadores do Ramo Financeiro (Contraf-CUT) completa 15 nesta ter\u00e7a-feira (26). Com oito federa\u00e7\u00f5es e 108 sindicatos associados, a entidade coordena o Comando Nacional dos Banc\u00e1rios e representa 94% da categoria em todo o Brasil.<\/p>\n<p>\u201cEsta enorme representatividade \u00e9 resultado das lutas e da presen\u00e7a de nossas entidades filiadas no dia a dia dos trabalhadores. Trabalhamos incessantemente para garantir, defender e ampliar os direitos de todas a banc\u00e1rias e de todos os banc\u00e1rios desse pa\u00eds, afirmou a presidenta da Contraf-CUT, Juvandia Moreira.<\/p>\n<p>A Contraf-CUT \u00e9 resultado da luta e do aprimoramento da organiza\u00e7\u00e3o sindical banc\u00e1ria e da retomada das entidades sindicais pelos trabalhadores, no in\u00edcio dos anos 1980. O primeiro passo para uma organiza\u00e7\u00e3o alternativa e, ao mesmo tempo, mais representativa ocorreu com a cria\u00e7\u00e3o do Departamento Nacional dos Banc\u00e1rios (DNB), em 1985, cuja atua\u00e7\u00e3o foi essencial para a primeira greve nacional (naquele ano) da categoria ap\u00f3s o regime militar.<\/p>\n<p>O DNB atuou at\u00e9 1992 quando foi substitu\u00eddo pela Confedera\u00e7\u00e3o Nacional dos Banc\u00e1rios (CNB-CUT) que por sua vez deu lugar \u00e0 Contraf-CUT, em 2006, e formalmente reconhecida pelo Minist\u00e9rio do Trabalho e Emprego em 24 de junho de 2008.<\/p>\n<p><strong>Fonte: Contraf-CUT<\/strong><\/p>\n","protected":false},"excerpt":{"rendered":"<p>A Confedera\u00e7\u00e3o Nacional dos Trabalhadores do Ramo Financeiro (Contraf-CUT) completa 15 nesta ter\u00e7a-feira (26). Com oito federa\u00e7\u00f5es e 108 sindicatos associados, a entidade coordena o Comando Nacional dos Banc\u00e1rios e representa 94% da categoria em todo o Brasil. \u201cEsta enorme representatividade \u00e9 resultado das lutas e da presen\u00e7a de nossas entidades filiadas no dia a [&hellip;]<\/p>\n","protected":false},"author":2,"featured_media":10321,"comment_status":"","ping_status":"","sticky":false,"template":"","format":"standard","meta":{"footnotes":""},"categories":[3],"tags":[],"class_list":["post-10322","post","type-post","status-publish","format-standard","has-post-thumbnail","hentry","category-noticias"],"_links":{"self":[{"href":"https:\/\/hostnetart.com.br\/baixada\/wp-json\/wp\/v2\/posts\/10322","targetHints":{"allow":["GET"]}}],"collection":[{"href":"https:\/\/hostnetart.com.br\/baixada\/wp-json\/wp\/v2\/posts"}],"about":[{"href":"https:\/\/hostnetart.com.br\/baixada\/wp-json\/wp\/v2\/types\/post"}],"author":[{"embeddable":true,"href":"https:\/\/hostnetart.com.br\/baixada\/wp-json\/wp\/v2\/users\/2"}],"replies":[{"embeddable":true,"href":"https:\/\/hostnetart.com.br\/baixada\/wp-json\/wp\/v2\/comments?post=10322"}],"version-history":[{"count":0,"href":"https:\/\/hostnetart.com.br\/baixada\/wp-json\/wp\/v2\/posts\/10322\/revisions"}],"wp:featuredmedia":[{"embeddable":true,"href":"https:\/\/hostnetart.com.br\/baixada\/wp-json\/wp\/v2\/media\/10321"}],"wp:attachment":[{"href":"https:\/\/hostnetart.com.br\/baixada\/wp-json\/wp\/v2\/media?parent=10322"}],"wp:term":[{"taxonomy":"category","embeddable":true,"href":"https:\/\/hostnetart.com.br\/baixada\/wp-json\/wp\/v2\/categories?post=10322"},{"taxonomy":"post_tag","embeddable":true,"href":"https:\/\/hostnetart.com.br\/baixada\/wp-json\/wp\/v2\/tags?post=10322"}],"curies":[{"name":"wp","href":"https:\/\/api.w.org\/{rel}","templated":true}]}}