{"id":10320,"date":"2021-01-26T20:12:48","date_gmt":"2021-01-26T23:12:48","guid":{"rendered":"https:\/\/hostnetart.com.br\/baixada\/promocao-por-merito-delta-linear-sera-para-todos-os-empregados-caixa-elegiveis\/"},"modified":"2021-01-26T20:12:48","modified_gmt":"2021-01-26T23:12:48","slug":"promocao-por-merito-delta-linear-sera-para-todos-os-empregados-caixa-elegiveis","status":"publish","type":"post","link":"https:\/\/hostnetart.com.br\/baixada\/promocao-por-merito-delta-linear-sera-para-todos-os-empregados-caixa-elegiveis\/","title":{"rendered":"Promo\u00e7\u00e3o por m\u00e9rito: delta linear ser\u00e1 para todos os empregados Caixa eleg\u00edveis"},"content":{"rendered":"<p>A Comiss\u00e3o Parit\u00e1ria da Promo\u00e7\u00e3o por M\u00e9rito aprovou em consenso a distribui\u00e7\u00e3o linear de um delta (promo\u00e7\u00e3o por progress\u00e3o na carreira) para todos os empregados Caixa que n\u00e3o possuem impedimentos em 2020 previstos no RH 176. A decis\u00e3o, baseada na primeira proposta dos empregados, aconteceu durante a reuni\u00e3o da Comiss\u00e3o nesta segunda-feira (25).<\/p>\n<p>A Caixa prop\u00f4s um segundo delta, que ser\u00e1 distribu\u00eddo para os empregados que atingirem a avalia\u00e7\u00e3o Excepcional no ciclo 2020 da Gest\u00e3o de Desempenho de Pessoas (GDP), conforme dota\u00e7\u00e3o or\u00e7ament\u00e1ria. Diferente do que acontecia anteriormente, os segundos deltas ser\u00e3o distribu\u00eddos de forma global entre os empregados e n\u00e3o por unidade.<\/p>\n<p>depois de um ano dif\u00edcil para os empregados, atendendo a mais de 120 milh\u00f5es de pessoas com o pagamento dos benef\u00edcios emergenciais, a decis\u00e3o da Promo\u00e7\u00e3o por M\u00e9rito foi uma boa not\u00edcia para os trabalhadores. Uma forma de reconhecimento por todo trabalho desenvolvido em 2020. A proposta foi um consenso entre a dire\u00e7\u00e3o da Caixa e os representantes dos empregados. Ap\u00f3s quatro propostas, o banco reavaliou a argumenta\u00e7\u00e3o feita pelos empregados. Os pagamentos dos deltas para os empregados come\u00e7ar\u00e3o a serem distribu\u00eddos em abril de 2021. Vale ressaltar ainda que o delta n\u00e3o \u00e9 retroativo.<\/p>\n<p>A avalia\u00e7\u00e3o de que a aprova\u00e7\u00e3o dos crit\u00e9rios foi um avan\u00e7o veio do coordenador da representa\u00e7\u00e3o dos empregados no Grupo de Trabalho (GT) de Promo\u00e7\u00e3o, Jo\u00e3o Paulo Pierozan. \u201cFizemos um debate ampliado, n\u00f3s do GT e da CEE\/Caixa. Os representantes dos empregados definiram com um bom avan\u00e7o as propostas. Foi uma grande resist\u00eancia. Acredito que quem vai reconhecer isso ser\u00e3o os nossos colegas empregados da Caixa e vai fazer muita diferen\u00e7a. De fato, foi uma grande vit\u00f3ria\u201d, afirmou.<\/p>\n<p>Para as avalia\u00e7\u00f5es de 2021, os representantes dos empregados solicitaram que as discuss\u00f5es para definir os crit\u00e9rios da sistem\u00e1tica precisam iniciar o quanto antes, j\u00e1 em abril. A Caixa assumiu um compromisso em ata para que o calend\u00e1rio seja antecipado neste ano.<\/p>\n<p>Para o representante da Federa\u00e7\u00e3o dos Banc\u00e1rios dos Estados de S\u00e3o Paulo e Mato Grosso do Sul (Feeb SP\/MS) no GT de Promo\u00e7\u00e3o por M\u00e9rito, Marcelo Lima, o processo foi dif\u00edcil e com muitas dificuldades por parte da Caixa. \u201cPrincipalmente em ceder por pontos que eram importantes para n\u00f3s empregados. Acho que o principal \u00e9 que conseguimos um delta para todos os empregados. \u00c9 uma a\u00e7\u00e3o de reconhecimento dos trabalhadores, que tiveram um ano t\u00e3o dif\u00edcil. Mas que merecimento \u00e9 um reconhecimento. Al\u00e9m disso, garantimos a continuidade da promo\u00e7\u00e3o por m\u00e9rito\u201d, afirmou.<\/p>\n<p>Para a coordenadora da Comiss\u00e3o Executiva dos Empregados da Caixa (CEE\/Caixa) e secret\u00e1ria de Cultura da Confedera\u00e7\u00e3o Nacional dos Trabalhadores do Ramo Financeiro (Contraf-CUT), Fabiana Uehara Proscholdt, a aprova\u00e7\u00e3o foi uma constru\u00e7\u00e3o de todos.\u00a0 \u201cTivemos um grande avan\u00e7o na constru\u00e7\u00e3o de uma proposta de consenso. Ambos os lados reviram posi\u00e7\u00f5es para chegar nessa propositura. E temos alguns compromissos firmados com o banco para que o debate seja feito num calend\u00e1rio j\u00e1 a partir de abril e no qual vamos iniciar o debate da GDP\u201d, ressaltou.<\/p>\n<h3>Debate sobre a GDP<\/h3>\n<p>Os representantes dos empregados refor\u00e7aram a import\u00e2ncia do debate sobre a instala\u00e7\u00e3o da Gest\u00e3o de Desempenho de Pessoas (GDP), principalmente com uma pauta na mesa permanente de negocia\u00e7\u00e3o.<\/p>\n<p>Os empregados reivindicam que a Caixa precisa ouvir os trabalhadores para ent\u00e3o colocar os crit\u00e9rios da GDP em pr\u00e1tica.<\/p>\n<h3>Faltas<\/h3>\n<p>Em outro ponto de debate, os representantes dos empregados solicitaram a manuten\u00e7\u00e3o de at\u00e9 duas faltas n\u00e3o justificadas. Mas a Caixa n\u00e3o aprovou.<\/p>\n<h3>Sem reuni\u00f5es<\/h3>\n<p>Mesmo com a insist\u00eancia dos empregados, a Caixa demorou a se reunir com os representantes para discutir as formas de avalia\u00e7\u00e3o. Ap\u00f3s o calend\u00e1rio da Campanha Nacional dos Banc\u00e1rios de 2020, os empregados iniciaram os debates sobre a avalia\u00e7\u00e3o por m\u00e9rito, mas sem retorno da Caixa.<\/p>\n<p>Foram sucessivos cancelamentos e adiamentos por parte da Caixa e, a intransig\u00eancia em rela\u00e7\u00e3o a GDP fez com que a Comiss\u00e3o Executiva dos Empregados da Caixa (CEE\/Caixa) temesse um impasse que comprometesse o pagamento da promo\u00e7\u00e3o aos empregados.<\/p>\n<p>Os empregados refor\u00e7aram aos representantes da Caixa que a promo\u00e7\u00e3o por m\u00e9rito est\u00e1 prevista no Acordo Coletivo 2020\/2022. \u201cA Caixa realizar\u00e1 sistem\u00e1tica de promo\u00e7\u00e3o por m\u00e9rito em 2021, referente ao ano base 2020, dos empregados ativos em 31.12.2020 [\u2026], conforme regras negociadas com as Entidades Representativas dos Empregados\u201d, diz a cl\u00e1usula 51 do documento.<\/p>\n<h3>Confira como ficou:<\/h3>\n<p><strong>1\u00ba delta: distribui\u00e7\u00e3o de 1 delta linear para todos os empregados Caixa eleg\u00edveis e que n\u00e3o possuem impedimentos em 2020, previstos no RH 176.<\/strong><\/p>\n<p><em>Os empregados n\u00e3o devem apresentar as situa\u00e7\u00f5es abaixo:<\/em><\/p>\n<ul>\n<li>Menos de 180 dias de efetivo exerc\u00edcio.<\/li>\n<li>Aplica\u00e7\u00e3o de penalidade de suspens\u00e3o.<\/li>\n<li>Censura \u00e9tica.<\/li>\n<li>Advert\u00eancia, tendo recebido outra nos \u00faltimos 5 anos.<\/li>\n<li>Contrato de trabalho suspenso.<\/li>\n<li>Contrato de trabalho extinto.<\/li>\n<li>Faltas n\u00e3o justificadas<\/li>\n<\/ul>\n<p><strong>2\u00ba delta: distribu\u00eddo para os empregados Caixa, que estiverem enquadrados no resultado Excepcional, at\u00e9 o limite or\u00e7ament\u00e1rio.<\/strong><\/p>\n<p><em>Em caso de empate, utiliza-se os crit\u00e9rios de desempate:<\/em><\/p>\n<ul>\n<li>Maior nota no eixo Resultado<\/li>\n<li>Maior nota no eixo Estilo<\/li>\n<li>Maior nota no bloco Compet\u00eancias<\/li>\n<li>Maior nota no bloco Capacita\u00e7\u00f5es<\/li>\n<li>Maior tempo de Caixa<\/li>\n<li>Maior Idade<\/li>\n<\/ul>\n<p><span style=\"text-decoration: underline;\"><strong>Fonte: Contraf-CUT<\/strong><\/span><\/p>\n","protected":false},"excerpt":{"rendered":"<p>A Comiss\u00e3o Parit\u00e1ria da Promo\u00e7\u00e3o por M\u00e9rito aprovou em consenso a distribui\u00e7\u00e3o linear de um delta (promo\u00e7\u00e3o por progress\u00e3o na carreira) para todos os empregados Caixa que n\u00e3o possuem impedimentos em 2020 previstos no RH 176. A decis\u00e3o, baseada na primeira proposta dos empregados, aconteceu durante a reuni\u00e3o da Comiss\u00e3o nesta segunda-feira (25). A Caixa [&hellip;]<\/p>\n","protected":false},"author":2,"featured_media":10319,"comment_status":"","ping_status":"","sticky":false,"template":"","format":"standard","meta":{"footnotes":""},"categories":[3],"tags":[],"class_list":["post-10320","post","type-post","status-publish","format-standard","has-post-thumbnail","hentry","category-noticias"],"_links":{"self":[{"href":"https:\/\/hostnetart.com.br\/baixada\/wp-json\/wp\/v2\/posts\/10320","targetHints":{"allow":["GET"]}}],"collection":[{"href":"https:\/\/hostnetart.com.br\/baixada\/wp-json\/wp\/v2\/posts"}],"about":[{"href":"https:\/\/hostnetart.com.br\/baixada\/wp-json\/wp\/v2\/types\/post"}],"author":[{"embeddable":true,"href":"https:\/\/hostnetart.com.br\/baixada\/wp-json\/wp\/v2\/users\/2"}],"replies":[{"embeddable":true,"href":"https:\/\/hostnetart.com.br\/baixada\/wp-json\/wp\/v2\/comments?post=10320"}],"version-history":[{"count":0,"href":"https:\/\/hostnetart.com.br\/baixada\/wp-json\/wp\/v2\/posts\/10320\/revisions"}],"wp:featuredmedia":[{"embeddable":true,"href":"https:\/\/hostnetart.com.br\/baixada\/wp-json\/wp\/v2\/media\/10319"}],"wp:attachment":[{"href":"https:\/\/hostnetart.com.br\/baixada\/wp-json\/wp\/v2\/media?parent=10320"}],"wp:term":[{"taxonomy":"category","embeddable":true,"href":"https:\/\/hostnetart.com.br\/baixada\/wp-json\/wp\/v2\/categories?post=10320"},{"taxonomy":"post_tag","embeddable":true,"href":"https:\/\/hostnetart.com.br\/baixada\/wp-json\/wp\/v2\/tags?post=10320"}],"curies":[{"name":"wp","href":"https:\/\/api.w.org\/{rel}","templated":true}]}}