{"id":1032,"date":"2014-04-16T00:00:00","date_gmt":"2014-04-16T03:00:00","guid":{"rendered":"https:\/\/hostnetart.com.br\/baixada\/assembleia-geral-extraordinaria-2\/"},"modified":"2014-04-16T00:00:00","modified_gmt":"2014-04-16T03:00:00","slug":"assembleia-geral-extraordinaria-2","status":"publish","type":"post","link":"https:\/\/hostnetart.com.br\/baixada\/assembleia-geral-extraordinaria-2\/","title":{"rendered":"ASSEMBLEIA GERAL EXTRAORDIN\u00c1RIA"},"content":{"rendered":"<p>ASSEMBLEIA GERAL EXTRAORDIN\u00c1RIA<\/p>\n<p>\u00a0<\/p>\n<p>Sindicato dos Empregados em Estabelecimentos Banc\u00e1rios da Baixada Fluminense, inscrito no CNPJ\/MF sob o n\u00ba 28.750.016\/0001-30, por seus representantes abaixo assinados, convoca todos os empregados do BANCO SANTANDER S.A, s\u00f3cios e n\u00e3o s\u00f3cios, da base territorial deste sindicato, nos munic\u00edpios de Duque de Caxias, Nova Igua\u00e7u, S\u00e3o Jo\u00e3o de Meriti, Belford Roxo, Nil\u00f3polis, Queimados, Mag\u00e9, Guapimirim, Japeri e Mesquita, para a assembl\u00e9ia geral extraordin\u00e1ria que se realizar\u00e1 no dia 29 de abril de 2014, \u00e0s 18:00h (_dezoito horas), em primeira convoca\u00e7\u00e3o, e \u00e0s 18h30min (dezoito horas e trinta minutos), em segunda convoca\u00e7\u00e3o, no endere\u00e7o \u00e0 Rua Professor Henrique Ferreira Gomes, n\u00ba 179, Centro, Duque de Caxias\/RJ, para discuss\u00e3o e delibera\u00e7\u00e3o acerca da seguinte ordem do dia:<\/p>\n<p>\u00a0<\/p>\n<p>1 \u2013 Reconhecimento da nulidade da altera\u00e7\u00e3o na forma de custeio do plano de Assist\u00eancia M\u00e9dica prestados pelas operadoras Bradesco Sa\u00fade; Central Nacional UNIMED \/ UNIMED Seguradora e CABESP (para os funcion\u00e1rios oriundos do Banespa, admitidos at\u00e9 20\/11\/2000), incluindo-se os futuros empregados, determinando ao Banco Santander o restabelecido das condi\u00e7\u00f5es contratadas e existentes anteriormente.<\/p>\n<p>\u00a0<\/p>\n<p>Duque de Caxias\/RJ, 15 de abril de 2014<\/p>\n<p>Coordena\u00e7\u00e3o Geral:<\/p>\n<p>\u00a0<\/p>\n<p>Alcyon Vicente Pinto da Costa Junior<\/p>\n<p>Jos\u00e9 La\u00e9rcio Pinto de Oliveira<\/p>\n<p>Pedro Batista Fraga Henriques<\/p>\n","protected":false},"excerpt":{"rendered":"<p>ASSEMBLEIA GERAL EXTRAORDIN\u00c1RIA \u00a0 Sindicato dos Empregados em Estabelecimentos Banc\u00e1rios da Baixada Fluminense, inscrito no CNPJ\/MF sob o n\u00ba 28.750.016\/0001-30, por seus representantes abaixo assinados, convoca todos os empregados do BANCO SANTANDER S.A, s\u00f3cios e n\u00e3o s\u00f3cios, da base territorial deste sindicato, nos munic\u00edpios de Duque de Caxias, Nova Igua\u00e7u, S\u00e3o Jo\u00e3o de Meriti, Belford [&hellip;]<\/p>\n","protected":false},"author":1,"featured_media":1031,"comment_status":"","ping_status":"","sticky":false,"template":"","format":"standard","meta":{"footnotes":""},"categories":[3],"tags":[],"class_list":["post-1032","post","type-post","status-publish","format-standard","has-post-thumbnail","hentry","category-noticias"],"_links":{"self":[{"href":"https:\/\/hostnetart.com.br\/baixada\/wp-json\/wp\/v2\/posts\/1032","targetHints":{"allow":["GET"]}}],"collection":[{"href":"https:\/\/hostnetart.com.br\/baixada\/wp-json\/wp\/v2\/posts"}],"about":[{"href":"https:\/\/hostnetart.com.br\/baixada\/wp-json\/wp\/v2\/types\/post"}],"author":[{"embeddable":true,"href":"https:\/\/hostnetart.com.br\/baixada\/wp-json\/wp\/v2\/users\/1"}],"replies":[{"embeddable":true,"href":"https:\/\/hostnetart.com.br\/baixada\/wp-json\/wp\/v2\/comments?post=1032"}],"version-history":[{"count":0,"href":"https:\/\/hostnetart.com.br\/baixada\/wp-json\/wp\/v2\/posts\/1032\/revisions"}],"wp:featuredmedia":[{"embeddable":true,"href":"https:\/\/hostnetart.com.br\/baixada\/wp-json\/wp\/v2\/media\/1031"}],"wp:attachment":[{"href":"https:\/\/hostnetart.com.br\/baixada\/wp-json\/wp\/v2\/media?parent=1032"}],"wp:term":[{"taxonomy":"category","embeddable":true,"href":"https:\/\/hostnetart.com.br\/baixada\/wp-json\/wp\/v2\/categories?post=1032"},{"taxonomy":"post_tag","embeddable":true,"href":"https:\/\/hostnetart.com.br\/baixada\/wp-json\/wp\/v2\/tags?post=1032"}],"curies":[{"name":"wp","href":"https:\/\/api.w.org\/{rel}","templated":true}]}}