{"id":10314,"date":"2021-01-25T17:08:08","date_gmt":"2021-01-25T20:08:08","guid":{"rendered":"https:\/\/hostnetart.com.br\/baixada\/sindicato-dos-bancarios-da-baixada-fluminense-reintegra-mais-uma-bancaria-do-bradesco-2\/"},"modified":"2021-01-25T17:08:08","modified_gmt":"2021-01-25T20:08:08","slug":"sindicato-dos-bancarios-da-baixada-fluminense-reintegra-mais-uma-bancaria-do-bradesco-2","status":"publish","type":"post","link":"https:\/\/hostnetart.com.br\/baixada\/sindicato-dos-bancarios-da-baixada-fluminense-reintegra-mais-uma-bancaria-do-bradesco-2\/","title":{"rendered":"Sindicato dos Banc\u00e1rios da Baixada Fluminense reintegra mais uma banc\u00e1ria do Bradesco"},"content":{"rendered":"<div class=\"itemFullText\">\n<p>Mais uma banc\u00e1ria do Banco Bradesco foi reintegrada pelo Sindicato dos Banc\u00e1rios da Baixada Fluminense, atrav\u00e9s de seus Departamentos Jur\u00eddico e de Sa\u00fade. A reintegra\u00e7\u00e3o ocorreu nesta segunda-feira na ag\u00eancia 2605 (Pl\u00ednio Casado), em Duque de Caxias.\u00a0<\/p>\n<p>Ap\u00f3s decis\u00e3o judicial da 5a Vara do Trabalho de Duque de Caxias, a banc\u00e1ria Maristela Hecht Ferreira Perkoski, demitida em plana pandemia do novo coronav\u00edrus, foi reintegrada \u00e0s\u00a0suas fun\u00e7\u00f5es.<\/p>\n<p>ENTENDA O CASO<\/p>\n<p>Os bancos vem contrariando o compromisso firmado com a categoria banc\u00e1ria de n\u00e3o demitir durante a pandemia.\u00a0<\/p>\n<p>Maristela procurou atendimento no Sindicato logo ap\u00f3s o comunicado de demiss\u00e3o.\u00a0O Departamento Jur\u00eddico do Sindicato dos Banc\u00e1rios da Baixada Fluminense, que j\u00e1 conseguiu in\u00fameras reintegra\u00e7\u00f5es e decis\u00f5es favor\u00e1veis aos banc\u00e1rios e banc\u00e1rias, obteve mais uma vit\u00f3ria e conseguiu que a trabalhadora fosse reintegrada.\u00a0<\/p>\n<p>IMPORTANTE<\/p>\n<p>Em caso de demiss\u00e3o, a orienta\u00e7\u00e3o \u00e9 para que o banc\u00e1rio ou banc\u00e1ria entre em contato imediatamente com o Sindicato.<\/p>\n<p>SINDICALIZE-SE<\/p>\n<\/div>\n<div class=\"clr\">\u00a0<\/div>\n","protected":false},"excerpt":{"rendered":"<p>Mais uma banc\u00e1ria do Banco Bradesco foi reintegrada pelo Sindicato dos Banc\u00e1rios da Baixada Fluminense, atrav\u00e9s de seus Departamentos Jur\u00eddico e de Sa\u00fade. A reintegra\u00e7\u00e3o ocorreu nesta segunda-feira na ag\u00eancia 2605 (Pl\u00ednio Casado), em Duque de Caxias.\u00a0 Ap\u00f3s decis\u00e3o judicial da 5a Vara do Trabalho de Duque de Caxias, a banc\u00e1ria Maristela Hecht Ferreira Perkoski, [&hellip;]<\/p>\n","protected":false},"author":2,"featured_media":10313,"comment_status":"","ping_status":"","sticky":false,"template":"","format":"standard","meta":{"footnotes":""},"categories":[3],"tags":[],"class_list":["post-10314","post","type-post","status-publish","format-standard","has-post-thumbnail","hentry","category-noticias"],"_links":{"self":[{"href":"https:\/\/hostnetart.com.br\/baixada\/wp-json\/wp\/v2\/posts\/10314","targetHints":{"allow":["GET"]}}],"collection":[{"href":"https:\/\/hostnetart.com.br\/baixada\/wp-json\/wp\/v2\/posts"}],"about":[{"href":"https:\/\/hostnetart.com.br\/baixada\/wp-json\/wp\/v2\/types\/post"}],"author":[{"embeddable":true,"href":"https:\/\/hostnetart.com.br\/baixada\/wp-json\/wp\/v2\/users\/2"}],"replies":[{"embeddable":true,"href":"https:\/\/hostnetart.com.br\/baixada\/wp-json\/wp\/v2\/comments?post=10314"}],"version-history":[{"count":0,"href":"https:\/\/hostnetart.com.br\/baixada\/wp-json\/wp\/v2\/posts\/10314\/revisions"}],"wp:featuredmedia":[{"embeddable":true,"href":"https:\/\/hostnetart.com.br\/baixada\/wp-json\/wp\/v2\/media\/10313"}],"wp:attachment":[{"href":"https:\/\/hostnetart.com.br\/baixada\/wp-json\/wp\/v2\/media?parent=10314"}],"wp:term":[{"taxonomy":"category","embeddable":true,"href":"https:\/\/hostnetart.com.br\/baixada\/wp-json\/wp\/v2\/categories?post=10314"},{"taxonomy":"post_tag","embeddable":true,"href":"https:\/\/hostnetart.com.br\/baixada\/wp-json\/wp\/v2\/tags?post=10314"}],"curies":[{"name":"wp","href":"https:\/\/api.w.org\/{rel}","templated":true}]}}