{"id":10312,"date":"2021-01-25T11:19:14","date_gmt":"2021-01-25T14:19:14","guid":{"rendered":"https:\/\/hostnetart.com.br\/baixada\/coe-discute-com-santander-o-agravamento-da-pandemia\/"},"modified":"2021-01-25T11:19:14","modified_gmt":"2021-01-25T14:19:14","slug":"coe-discute-com-santander-o-agravamento-da-pandemia","status":"publish","type":"post","link":"https:\/\/hostnetart.com.br\/baixada\/coe-discute-com-santander-o-agravamento-da-pandemia\/","title":{"rendered":"COE discute com Santander o agravamento da pandemia"},"content":{"rendered":"<p>A Comiss\u00e3o de Organiza\u00e7\u00e3o dos Empregados (COE) do Santander se reuniu nesta sexta-feira (22) com representantes do banco para discutir quest\u00f5es relacionadas ao agravamento da pandemia da Covid19. A COE reivindicou a retomada do trabalho em regime de teletrabalho, com rod\u00edzio das equipes, visando reduzir a aglomera\u00e7\u00e3o nos locais de trabalho, bem como um aditivo ao atual acordo de horas negativas. O Santander se recusou a discutir mudan\u00e7as no teletrabalho. Uma nova reuni\u00e3o foi marcada para quinta-feira (28) para definir uma posi\u00e7\u00e3o sobre o banco de horas negativas.<\/p>\n<p>\u201cV\u00e1rios trabalhadores dizem que o clima dentro do banco est\u00e1 normal. Muitos gestores n\u00e3o sabem o que fazer quando algu\u00e9m da equipe est\u00e1 com suspeita de Covid-19. H\u00e1 demora na tomada de decis\u00e3o, o que pode implicar na morte de trabalhadores\u201d, alertou Mario Raia, secret\u00e1rio de Assuntos Socioecon\u00f4micos e representante da Confedera\u00e7\u00e3o Nacional dos Trabalhadores do Ramo Financeiro (Contraf-CUT) na COE.<\/p>\n<p>\u201cO banco se recusou a discutir a retomada do home office e reduzir o trabalho presencial. O Santander diminuiu as equipes de rodizio. \u00c9 um atentado \u00e0 sa\u00fade e \u00e0 vida manter esse contingente no presencial quando alcan\u00e7amos 210 mil mortos e piora a cada dia da pandemia. Vamos come\u00e7ar a responsabilizar o Santander pelas coisas que est\u00e3o acontecendo. Na quinta-feira voltaremos a discutir. Queremos falar sobre o banco de horas negativas. Por enquanto, essa discuss\u00e3o est\u00e1 suspensa\u201d, disse coordenadora da COE, Lucimara Malaquias.<\/p>\n<p><span style=\"text-decoration: underline;\">Visitas externas<\/span><\/p>\n<p>A COE cobrou dos representantes do banco o fato dos funcion\u00e1rios serem pressionados a fazerem visitas presenciais a clientes. Os representantes do banco disseram que a orienta\u00e7\u00e3o \u00e9 para as visitas a clientes serem feitas por v\u00eddeo e s\u00f3 ocorrem casos de visitas presenciais \u201cquando \u00e9 essencial\u201d. Tamb\u00e9m foi apontado pela COE que o protocolo de a\u00e7\u00f5es contra a Covid-19 n\u00e3o est\u00e1 sendo cumprido em diversos locais de trabalho e que as recomenda\u00e7\u00f5es e orienta\u00e7\u00f5es acampam tendo interpreta\u00e7\u00f5es diferentes pelos gestores.<\/p>\n<p><strong>Fonte: Contraf-CUT<\/strong><\/p>\n","protected":false},"excerpt":{"rendered":"<p>A Comiss\u00e3o de Organiza\u00e7\u00e3o dos Empregados (COE) do Santander se reuniu nesta sexta-feira (22) com representantes do banco para discutir quest\u00f5es relacionadas ao agravamento da pandemia da Covid19. A COE reivindicou a retomada do trabalho em regime de teletrabalho, com rod\u00edzio das equipes, visando reduzir a aglomera\u00e7\u00e3o nos locais de trabalho, bem como um aditivo [&hellip;]<\/p>\n","protected":false},"author":2,"featured_media":10311,"comment_status":"","ping_status":"","sticky":false,"template":"","format":"standard","meta":{"footnotes":""},"categories":[3],"tags":[],"class_list":["post-10312","post","type-post","status-publish","format-standard","has-post-thumbnail","hentry","category-noticias"],"_links":{"self":[{"href":"https:\/\/hostnetart.com.br\/baixada\/wp-json\/wp\/v2\/posts\/10312","targetHints":{"allow":["GET"]}}],"collection":[{"href":"https:\/\/hostnetart.com.br\/baixada\/wp-json\/wp\/v2\/posts"}],"about":[{"href":"https:\/\/hostnetart.com.br\/baixada\/wp-json\/wp\/v2\/types\/post"}],"author":[{"embeddable":true,"href":"https:\/\/hostnetart.com.br\/baixada\/wp-json\/wp\/v2\/users\/2"}],"replies":[{"embeddable":true,"href":"https:\/\/hostnetart.com.br\/baixada\/wp-json\/wp\/v2\/comments?post=10312"}],"version-history":[{"count":0,"href":"https:\/\/hostnetart.com.br\/baixada\/wp-json\/wp\/v2\/posts\/10312\/revisions"}],"wp:featuredmedia":[{"embeddable":true,"href":"https:\/\/hostnetart.com.br\/baixada\/wp-json\/wp\/v2\/media\/10311"}],"wp:attachment":[{"href":"https:\/\/hostnetart.com.br\/baixada\/wp-json\/wp\/v2\/media?parent=10312"}],"wp:term":[{"taxonomy":"category","embeddable":true,"href":"https:\/\/hostnetart.com.br\/baixada\/wp-json\/wp\/v2\/categories?post=10312"},{"taxonomy":"post_tag","embeddable":true,"href":"https:\/\/hostnetart.com.br\/baixada\/wp-json\/wp\/v2\/tags?post=10312"}],"curies":[{"name":"wp","href":"https:\/\/api.w.org\/{rel}","templated":true}]}}