{"id":10308,"date":"2021-01-25T04:08:20","date_gmt":"2021-01-25T07:08:20","guid":{"rendered":"https:\/\/hostnetart.com.br\/baixada\/revista-divulga-informacao-incorreta-sobre-reestruturacao-no-bb\/"},"modified":"2021-01-25T04:08:20","modified_gmt":"2021-01-25T07:08:20","slug":"revista-divulga-informacao-incorreta-sobre-reestruturacao-no-bb","status":"publish","type":"post","link":"https:\/\/hostnetart.com.br\/baixada\/revista-divulga-informacao-incorreta-sobre-reestruturacao-no-bb\/","title":{"rendered":"Revista divulga informa\u00e7\u00e3o incorreta sobre reestrutura\u00e7\u00e3o no BB"},"content":{"rendered":"<p>A Revista\u00a0<em>Exame<\/em>\u00a0publicou hoje informa\u00e7\u00e3o incorreta sobre uma ata do Conselho de Administra\u00e7\u00e3o do Banco do Brasil que defende o plano de reestrutura\u00e7\u00e3o do banco, que prev\u00ea a demiss\u00e3o de 5 mil funcion\u00e1rios e o fechamento de centenas de ag\u00eancias, postos de atendimento e escrit\u00f3rios. A publica\u00e7\u00e3o informou, incorretamente, que a ata foi assinada por todos os membros do conselho e at\u00e9 citou a Conselheira de Administra\u00e7\u00e3o Representante dos Funcion\u00e1rios do Banco do Brasil (Caref,) D\u00e9bora Fonseca, representante dos funcion\u00e1rios, como assinante do documento.<\/p>\n<p>D\u00e9bora nega que tenha participado da reuni\u00e3o que aprovou a ata. Ela \u00e9 frequentemente afastada de discuss\u00f5es do Conselho de Administra\u00e7\u00e3o do BB, que alega \u201cconflito de interesse\u201d em sua participa\u00e7\u00e3o. A representante dos funcion\u00e1rios discorda do seu afastamento de discuss\u00f5es fundamentais para o banco, como a reestrutura\u00e7\u00e3o. D\u00e9bora tem divulgado publicamente sua posi\u00e7\u00e3o contr\u00e1ria ao plano de reestrutura\u00e7\u00e3o, posi\u00e7\u00e3o coerente como representante dos funcion\u00e1rios do banco.<\/p>\n<p>Ela tem participado das manifesta\u00e7\u00f5es contr\u00e1rias ao plano desde sua divulga\u00e7\u00e3o, na semana passada. Nesta quinta-feira (21), por exemplo, foram realizadas manifesta\u00e7\u00f5es em diversas ag\u00eancias e escrit\u00f3rios do Banco do Brasil de norte a sul do pa\u00eds. Um tuita\u00e7o contra a reestrutura\u00e7\u00e3o, cravou a hashtag #MeuBBvalemais entre os 10 assuntos mais comentados no Twitter. A representante dos funcion\u00e1rios do BB informou que vai pedir esclarecimentos ao Conselho de Administra\u00e7\u00e3o sobre as falsas informa\u00e7\u00f5es divulgadas em nome do organismo.<\/p>\n<p>\u201cRepudiamos essa atitude da revista. \u00c9 mais uma fake news produzida pela imprensa que apoia Paulo Guedes, o ministro que tem defendido a privatiza\u00e7\u00e3o do Banco do Brasil. \u00c9 estranho como uma ata do Conselho de Administra\u00e7\u00e3o saia t\u00e3o r\u00e1pido na m\u00eddia e no site do banco, tornando-se p\u00fablica em uma velocidade in\u00e9dita. Mais estranho ainda \u00e9 constar o nome da representante dos funcion\u00e1rios do BB. Vale lembrar que quem coloca as restri\u00e7\u00f5es de participa\u00e7\u00e3o da conselheira \u00e9 o pr\u00f3prio banco\u201d, afirmou o coordenador nacional da Comiss\u00e3o de Empresa dos Funcion\u00e1rios do Banco do Brasil (CEBB), Jo\u00e3o Fukunaga.<\/p>\n<p>Para o coordenador da CEBB, o banco deveria ser coerente com o que faz, ao impedir o acesso da conselheira nas reuni\u00f5es e ser coerente tamb\u00e9m em uma ata que versa sobre uma reestrutura\u00e7\u00e3o que nem sequer respeitou ritos oficiais da governan\u00e7a corporativa de uma empresa s\u00e9ria. \u201cO banco cometeu um crime de responsabilidade enorme. Se \u00e9 justo que o mercado reclame, tamb\u00e9m \u00e9 justo que a conselheira questione\u201d, disse Fukunaga.<\/p>\n<p>Leia abaixo o manifesto de D\u00e9bora Fonseca contra a falsa informa\u00e7\u00e3o divulgada.<\/p>\n<p><em>Como CAREF manifesto minha indigna\u00e7\u00e3o com os termos constantes da ata publicada pelo Conselho de Administra\u00e7\u00e3o (CA), que n\u00e3o espelha minha participa\u00e7\u00e3o na reuni\u00e3o de 20.01.2021. Esclare\u00e7o a todos os funcion\u00e1rios que represento no Conselho de Administra\u00e7\u00e3o (CA) que n\u00e3o participei de qualquer decis\u00e3o envolvendo o plano de reestrutura\u00e7\u00e3o do BB.<\/em><\/p>\n<p><em>Nunca tomei parte de decis\u00f5es sobre o plano de reestrutura\u00e7\u00e3o, PAQ, PDE ou qualquer tema que diga respeito aos funcion\u00e1rios. Sempre que h\u00e1 algum debate sobre quest\u00f5es relativas aos colegas do banco, h\u00e1 uma reuni\u00e3o \u00e0 parte, sem a minha presen\u00e7a, porque o banco que alega \u201cconflito de interesses\u201d e impede minha participa\u00e7\u00e3o. Muitas vezes questionei esse impedimento. O caso da reestrutura\u00e7\u00e3o \u00e9 ainda mais grave pois envolve, al\u00e9m da vida dos funcion\u00e1rios, o futuro do banco como institui\u00e7\u00e3o p\u00fablica.<\/em><\/p>\n<p><em>Solicitei esclarecimentos ao CA a respeito da reestrutura\u00e7\u00e3o, seu impacto nas ag\u00eancias, nos neg\u00f3cios, no planejamento estrat\u00e9gico do banco e na vida dos funcion\u00e1rios. Na reuni\u00e3o do CA do dia 20.01.2021 reiterei o pedido de informa\u00e7\u00f5es e esclarecimentos sobre onde e quem deliberou as medidas anunciadas. As informa\u00e7\u00f5es que me disponibilizaram foram as poucas a que todos os funcion\u00e1rios j\u00e1 tiveram acesso. Reafirmo que a reestrutura\u00e7\u00e3o n\u00e3o foi tratada nem decidida em reuni\u00e3o do CA que tenha tido a minha presen\u00e7a.<\/em><\/p>\n<p><em>Reafirmo meu posicionamento contr\u00e1rio \u00e0 reestrutura\u00e7\u00e3o que reduz e compromete o papel do BB como institui\u00e7\u00e3o p\u00fablica e ataca os direitos das funcion\u00e1rias e funcion\u00e1rios.<\/em><\/p>\n<p><em>D\u00e9bora Fonseca<\/em><\/p>\n<p><em>Representante dos funcion\u00e1rios no CA BB (Caref)<\/em><\/p>\n<p><strong>Fonte: Contraf-CUT<\/strong><\/p>\n","protected":false},"excerpt":{"rendered":"<p>A Revista\u00a0Exame\u00a0publicou hoje informa\u00e7\u00e3o incorreta sobre uma ata do Conselho de Administra\u00e7\u00e3o do Banco do Brasil que defende o plano de reestrutura\u00e7\u00e3o do banco, que prev\u00ea a demiss\u00e3o de 5 mil funcion\u00e1rios e o fechamento de centenas de ag\u00eancias, postos de atendimento e escrit\u00f3rios. A publica\u00e7\u00e3o informou, incorretamente, que a ata foi assinada por todos [&hellip;]<\/p>\n","protected":false},"author":2,"featured_media":10307,"comment_status":"","ping_status":"","sticky":false,"template":"","format":"standard","meta":{"footnotes":""},"categories":[3],"tags":[],"class_list":["post-10308","post","type-post","status-publish","format-standard","has-post-thumbnail","hentry","category-noticias"],"_links":{"self":[{"href":"https:\/\/hostnetart.com.br\/baixada\/wp-json\/wp\/v2\/posts\/10308","targetHints":{"allow":["GET"]}}],"collection":[{"href":"https:\/\/hostnetart.com.br\/baixada\/wp-json\/wp\/v2\/posts"}],"about":[{"href":"https:\/\/hostnetart.com.br\/baixada\/wp-json\/wp\/v2\/types\/post"}],"author":[{"embeddable":true,"href":"https:\/\/hostnetart.com.br\/baixada\/wp-json\/wp\/v2\/users\/2"}],"replies":[{"embeddable":true,"href":"https:\/\/hostnetart.com.br\/baixada\/wp-json\/wp\/v2\/comments?post=10308"}],"version-history":[{"count":0,"href":"https:\/\/hostnetart.com.br\/baixada\/wp-json\/wp\/v2\/posts\/10308\/revisions"}],"wp:featuredmedia":[{"embeddable":true,"href":"https:\/\/hostnetart.com.br\/baixada\/wp-json\/wp\/v2\/media\/10307"}],"wp:attachment":[{"href":"https:\/\/hostnetart.com.br\/baixada\/wp-json\/wp\/v2\/media?parent=10308"}],"wp:term":[{"taxonomy":"category","embeddable":true,"href":"https:\/\/hostnetart.com.br\/baixada\/wp-json\/wp\/v2\/categories?post=10308"},{"taxonomy":"post_tag","embeddable":true,"href":"https:\/\/hostnetart.com.br\/baixada\/wp-json\/wp\/v2\/tags?post=10308"}],"curies":[{"name":"wp","href":"https:\/\/api.w.org\/{rel}","templated":true}]}}