{"id":10306,"date":"2021-01-22T18:35:30","date_gmt":"2021-01-22T21:35:30","guid":{"rendered":"https:\/\/hostnetart.com.br\/baixada\/federacao-de-sindicatos-da-china-promete-ajuda-ao-brasil-nas-vacinas\/"},"modified":"2021-01-22T18:35:30","modified_gmt":"2021-01-22T21:35:30","slug":"federacao-de-sindicatos-da-china-promete-ajuda-ao-brasil-nas-vacinas","status":"publish","type":"post","link":"https:\/\/hostnetart.com.br\/baixada\/federacao-de-sindicatos-da-china-promete-ajuda-ao-brasil-nas-vacinas\/","title":{"rendered":"Federa\u00e7\u00e3o de sindicatos da China promete ajuda ao Brasil nas vacinas"},"content":{"rendered":"<p>Representantes do F\u00f3rum das Centrais Sindicais \u2013 que re\u00fane CSB, CTB, CUT, For\u00e7a, Nova Central e UGT \u2013 realizaram um encontro virtual nesta quinta-feira (21) com a dire\u00e7\u00e3o da Federa\u00e7\u00e3o Nacional dos Sindicatos da China (FNSCH) para tratar dos esfor\u00e7os por vacinas contra a covid-19 no Brasil. Os chineses comprometeram-se a intermediar o di\u00e1logo entre as centrais brasileiras e o governo de Pequim para a\u00a0<a href=\"https:\/\/www.redebrasilatual.com.br\/saude-e-ciencia\/2021\/01\/margareth-dalcomo-pesquisadora-da-fiocruz-desabafa-injustificavel-nao-termos-vacina\/\">libera\u00e7\u00e3o de insumos<\/a>\u00a0para os imunizantes.<\/p>\n<p>\u201cVamos usar todos os nossos canais e esfor\u00e7os para levar a mensagem de voc\u00eas ao governo central e ao Partido [Comunista Chin\u00eas] sobre as necessidades imediatas do povo brasileiro ante a pandemia\u201d, afirmou o secret\u00e1rio internacional da FNSCH, An Jianhua.<\/p>\n<p>As centrais buscaram estreitar as rela\u00e7\u00f5es entre os dois pa\u00eds, estremecida ap\u00f3s uma\u00a0<a href=\"https:\/\/www.redebrasilatual.com.br\/politica\/2021\/01\/incompetencia-governo-bolsonaro-ameaca-vacinacao-brasil\/\">s\u00e9rie de ataques<\/a>\u00a0aos chineses promovida por integrantes do governo brasileiro. Tanto o ministro das Rela\u00e7\u00f5es Exteriores, Ernesto Ara\u00fajo, como o pr\u00f3prio presidente Jair Bolsonaro atribuem \u00e0 China responsabilidades pela ocorr\u00eancia da pandemia. Al\u00e9m disso, um dos filhos do presidente, o deputado federal Eduardo Bolsonaro (PSL-SP), tamb\u00e9m se destaca pelas agress\u00f5es \u00e0s autoridades diplom\u00e1ticas da China.<\/p>\n<p>Contudo, sem citar nominalmente as autoridades brasileiras, Jianhua afirmou que \u201calgumas palavras de ignorantes\u201d n\u00e3o v\u00e3o comprometer as rela\u00e7\u00f5es amistosas entre os dois pa\u00edses. Al\u00e9m disso, ele agradeceu uma carta das centrais enviada ao Congresso, em novembro, em desagravo \u00e0 s\u00e9rie de ofensas proferidas.<\/p>\n<p>A FNSCH \u00e9 a maior entidade sindical do mundo, com 302 milh\u00f5es de trabalhadores filiados, reunidos em 1,7 milh\u00e3o de sindicatos. A entidade tamb\u00e9m ocupa a vice-presid\u00eancia na Assembleia Popular, o mais importante \u00f3rg\u00e3o legislativo do pa\u00eds comunista.<\/p>\n<p>Al\u00e9m da coronavac, produzida pelo laborat\u00f3rio chin\u00eas Sinovac e distribu\u00edda no Brasil em parceria com o Instituto Butantan, os chineses produzem insumos para diversas outras vacinas.<\/p>\n<h2><span style=\"text-decoration: underline;\">Uni\u00e3o<\/span><\/h2>\n<p>O presidente da CUT, S\u00e9rgio Nobre, afirmou que a iniciativa demonstra a organiza\u00e7\u00e3o do movimento sindical brasileiro. \u201cIremos aonde for necess\u00e1rio. Falaremos com todos os interlocutores que puderem nos ajudar a enfrentar essa crise sanit\u00e1ria, agravada pela incompet\u00eancia e sordidez do presidente Bolsonaro\u201d, afirmou ele.<\/p>\n<p>O contato diplom\u00e1tico com os chineses ocorre dois dias ap\u00f3s as Centrais firmarem acordo com o governo venezuelano para o fornecimento de\u00a0<a href=\"https:\/\/www.redebrasilatual.com.br\/saude-e-ciencia\/2021\/01\/centrais-fecham-acordo-com-a-venezuela-para-fornecimento-de-oxigenio-para-manaus\/\" target=\"_blank\" rel=\"noopener noreferrer\">80 mil metros c\u00fabicos de oxig\u00eanio<\/a>\u00a0por semana para Manaus. No encontro, os sindicalistas chineses tamb\u00e9m manifestaram solidariedade \u00e0 popula\u00e7\u00e3o do Amazonas, e prometeram, ademais, o envio de ajuda humanit\u00e1ria \u00e0 regi\u00e3o.<\/p>\n<p><strong><em>Com informa\u00e7\u00f5es da\u00a0<a href=\"https:\/\/www.cut.org.br\/noticias\/cut-e-centrais-conseguem-apoio-do-movimento-sindical-da-china-para-vacina-8107\" target=\"_blank\" rel=\"noopener noreferrer\">CUT<\/a><\/em><\/strong><\/p>\n","protected":false},"excerpt":{"rendered":"<p>Representantes do F\u00f3rum das Centrais Sindicais \u2013 que re\u00fane CSB, CTB, CUT, For\u00e7a, Nova Central e UGT \u2013 realizaram um encontro virtual nesta quinta-feira (21) com a dire\u00e7\u00e3o da Federa\u00e7\u00e3o Nacional dos Sindicatos da China (FNSCH) para tratar dos esfor\u00e7os por vacinas contra a covid-19 no Brasil. Os chineses comprometeram-se a intermediar o di\u00e1logo entre [&hellip;]<\/p>\n","protected":false},"author":2,"featured_media":10305,"comment_status":"","ping_status":"","sticky":false,"template":"","format":"standard","meta":{"footnotes":""},"categories":[3],"tags":[],"class_list":["post-10306","post","type-post","status-publish","format-standard","has-post-thumbnail","hentry","category-noticias"],"_links":{"self":[{"href":"https:\/\/hostnetart.com.br\/baixada\/wp-json\/wp\/v2\/posts\/10306","targetHints":{"allow":["GET"]}}],"collection":[{"href":"https:\/\/hostnetart.com.br\/baixada\/wp-json\/wp\/v2\/posts"}],"about":[{"href":"https:\/\/hostnetart.com.br\/baixada\/wp-json\/wp\/v2\/types\/post"}],"author":[{"embeddable":true,"href":"https:\/\/hostnetart.com.br\/baixada\/wp-json\/wp\/v2\/users\/2"}],"replies":[{"embeddable":true,"href":"https:\/\/hostnetart.com.br\/baixada\/wp-json\/wp\/v2\/comments?post=10306"}],"version-history":[{"count":0,"href":"https:\/\/hostnetart.com.br\/baixada\/wp-json\/wp\/v2\/posts\/10306\/revisions"}],"wp:featuredmedia":[{"embeddable":true,"href":"https:\/\/hostnetart.com.br\/baixada\/wp-json\/wp\/v2\/media\/10305"}],"wp:attachment":[{"href":"https:\/\/hostnetart.com.br\/baixada\/wp-json\/wp\/v2\/media?parent=10306"}],"wp:term":[{"taxonomy":"category","embeddable":true,"href":"https:\/\/hostnetart.com.br\/baixada\/wp-json\/wp\/v2\/categories?post=10306"},{"taxonomy":"post_tag","embeddable":true,"href":"https:\/\/hostnetart.com.br\/baixada\/wp-json\/wp\/v2\/tags?post=10306"}],"curies":[{"name":"wp","href":"https:\/\/api.w.org\/{rel}","templated":true}]}}