{"id":10302,"date":"2021-01-22T14:14:26","date_gmt":"2021-01-22T17:14:26","guid":{"rendered":"https:\/\/hostnetart.com.br\/baixada\/assembleia-que-vai-deliberar-paralisacao-do-bb-sera-nesta-segunda-feira-25\/"},"modified":"2021-01-22T14:14:26","modified_gmt":"2021-01-22T17:14:26","slug":"assembleia-que-vai-deliberar-paralisacao-do-bb-sera-nesta-segunda-feira-25","status":"publish","type":"post","link":"https:\/\/hostnetart.com.br\/baixada\/assembleia-que-vai-deliberar-paralisacao-do-bb-sera-nesta-segunda-feira-25\/","title":{"rendered":"Assembleia que vai deliberar paralisa\u00e7\u00e3o do BB ser\u00e1 nesta segunda-feira (25)"},"content":{"rendered":"<p><span data-offset-key=\"etst2-0-0\">Funcion\u00e1rias e funcion\u00e1rios do Banco do Brasil ir\u00e3o deliberar, em assembleia virtual nesta segunda-feira (25 de janeiro), sobre a proposta de paralisa\u00e7\u00e3o das ag\u00eancias no dia 29 de janeiro de 2021.<\/span><\/p>\n<div class=\"\" data-block=\"true\" data-editor=\"cpevg\" data-offset-key=\"etst2-0-0\">A assembleia ocorrer\u00e1 das 8h at\u00e9 as 18h.<\/div>\n<div class=\"\" data-block=\"true\" data-editor=\"cpevg\" data-offset-key=\"etst2-0-0\">\u00a0<\/div>\n<div class=\"\" data-block=\"true\" data-editor=\"cpevg\" data-offset-key=\"etst2-0-0\">A indica\u00e7\u00e3o da CEBB (Comiss\u00e3o de Empresa dos Funcion\u00e1rios do Banco do Brasil) \u00e9 que, no dia 29 de janeiro, seja realizada uma paralisa\u00e7\u00e3o nacional de 24 horas dos empregados do Banco do Brasil contra a reestrutura\u00e7\u00e3o do banco p\u00fablico. Esse desmonte foi anunciado no dia 11 de janeiro, que prev\u00ea o fechamento de ag\u00eancias e outras unidades do BB, al\u00e9m da demiss\u00e3o de 5 mil funcion\u00e1rios e a extin\u00e7\u00e3o da fun\u00e7\u00e3o caixa.\u00a0Milhares de banc\u00e1rios do Banco do Brasil, incluindo a Baixada Fluminense, poder\u00e3o ser atingidos pelas mudan\u00e7as.<\/div>\n<div class=\"\" data-block=\"true\" data-editor=\"cpevg\" data-offset-key=\"etst2-0-0\">\u00a0<\/div>\n<div class=\"\" data-block=\"true\" data-editor=\"cpevg\" data-offset-key=\"2dopo-0-0\">\n<div class=\"_1mf _1mj\" data-offset-key=\"2dopo-0-0\">\n<div class=\"\" data-block=\"true\" data-editor=\"cpevg\" data-offset-key=\"etst2-0-0\">Para votar e participar, basta acessar o link de vota\u00e7\u00e3o:\u00a0<a href=\"https:\/\/bancarios.votabem.com.br\/\">https:\/\/bancarios.votabem.com.br\/<\/a><\/div>\n<\/div>\n<\/div>\n<div class=\"\" data-block=\"true\" data-editor=\"cpevg\" data-offset-key=\"8rmga-0-0\">\n<div class=\"_1mf _1mj\" data-offset-key=\"8rmga-0-0\">\u00a0<\/div>\n<div class=\"_1mf _1mj\" data-offset-key=\"8rmga-0-0\">O link estar\u00e1, tamb\u00e9m, dispon\u00edvel em nosso site (<a href=\"http:\/\/www.bancariosbaixada.org.br\/\">http:\/\/www.bancariosbaixada.org.br\/<\/a>)<\/div>\n<div class=\"_1mf _1mj\" data-offset-key=\"8rmga-0-0\">\u00a0<\/div>\n<\/div>\n<p><strong>Confira abaixo o edital na \u00edntegra:<\/strong><\/p>\n<p><img fetchpriority=\"high\" decoding=\"async\" class=\" size-full wp-image-10301\" src=\"https:\/\/hostnetart.com.br\/baixada\/wp-content\/uploads\/2021\/01\/edital_bb_baixada.jpg\" width=\"465\" height=\"515\" \/><\/p>\n<p>\u00a0<\/p>\n","protected":false},"excerpt":{"rendered":"<p>Funcion\u00e1rias e funcion\u00e1rios do Banco do Brasil ir\u00e3o deliberar, em assembleia virtual nesta segunda-feira (25 de janeiro), sobre a proposta de paralisa\u00e7\u00e3o das ag\u00eancias no dia 29 de janeiro de 2021. A assembleia ocorrer\u00e1 das 8h at\u00e9 as 18h. \u00a0 A indica\u00e7\u00e3o da CEBB (Comiss\u00e3o de Empresa dos Funcion\u00e1rios do Banco do Brasil) \u00e9 que, [&hellip;]<\/p>\n","protected":false},"author":2,"featured_media":10300,"comment_status":"","ping_status":"","sticky":false,"template":"","format":"standard","meta":{"footnotes":""},"categories":[3],"tags":[],"class_list":["post-10302","post","type-post","status-publish","format-standard","has-post-thumbnail","hentry","category-noticias"],"_links":{"self":[{"href":"https:\/\/hostnetart.com.br\/baixada\/wp-json\/wp\/v2\/posts\/10302","targetHints":{"allow":["GET"]}}],"collection":[{"href":"https:\/\/hostnetart.com.br\/baixada\/wp-json\/wp\/v2\/posts"}],"about":[{"href":"https:\/\/hostnetart.com.br\/baixada\/wp-json\/wp\/v2\/types\/post"}],"author":[{"embeddable":true,"href":"https:\/\/hostnetart.com.br\/baixada\/wp-json\/wp\/v2\/users\/2"}],"replies":[{"embeddable":true,"href":"https:\/\/hostnetart.com.br\/baixada\/wp-json\/wp\/v2\/comments?post=10302"}],"version-history":[{"count":0,"href":"https:\/\/hostnetart.com.br\/baixada\/wp-json\/wp\/v2\/posts\/10302\/revisions"}],"wp:featuredmedia":[{"embeddable":true,"href":"https:\/\/hostnetart.com.br\/baixada\/wp-json\/wp\/v2\/media\/10300"}],"wp:attachment":[{"href":"https:\/\/hostnetart.com.br\/baixada\/wp-json\/wp\/v2\/media?parent=10302"}],"wp:term":[{"taxonomy":"category","embeddable":true,"href":"https:\/\/hostnetart.com.br\/baixada\/wp-json\/wp\/v2\/categories?post=10302"},{"taxonomy":"post_tag","embeddable":true,"href":"https:\/\/hostnetart.com.br\/baixada\/wp-json\/wp\/v2\/tags?post=10302"}],"curies":[{"name":"wp","href":"https:\/\/api.w.org\/{rel}","templated":true}]}}