{"id":10295,"date":"2021-01-22T14:04:30","date_gmt":"2021-01-22T17:04:30","guid":{"rendered":"https:\/\/hostnetart.com.br\/baixada\/funcionarios-do-bb-fazem-dia-nacional-de-luta-contra-a-reestruturacao\/"},"modified":"2021-01-22T14:04:30","modified_gmt":"2021-01-22T17:04:30","slug":"funcionarios-do-bb-fazem-dia-nacional-de-luta-contra-a-reestruturacao","status":"publish","type":"post","link":"https:\/\/hostnetart.com.br\/baixada\/funcionarios-do-bb-fazem-dia-nacional-de-luta-contra-a-reestruturacao\/","title":{"rendered":"Funcion\u00e1rios do BB fazem Dia Nacional de Luta contra a reestrutura\u00e7\u00e3o"},"content":{"rendered":"<p>Ag\u00eancias do Banco do Brasil (BB) de norte a sul do pa\u00eds realizaram nesta quinta-feira (21) manifesta\u00e7\u00f5es do Dia Nacional de Luta contra a Reestrutura\u00e7\u00e3o do banco. O plano de reestrutura\u00e7\u00e3o apresentado na semana passada pela dire\u00e7\u00e3o do BB prev\u00ea o fechamento de centenas de ag\u00eancias, postos de atendimento e escrit\u00f3rios, al\u00e9m da demiss\u00e3o de 5 mil funcion\u00e1rios. Depois do Dia Nacional de Luta, ser\u00e1 preparada uma paralisa\u00e7\u00e3o no dia 29.<br \/>Foram v\u00e1rias manifesta\u00e7\u00f5es em ag\u00eancias, postos de atendimentos e outras unidades do banco. Em todos os estados foram realizadas reuni\u00f5es com funcion\u00e1rios, para explicar as perdas que podem ocorrer caso a reestrutura\u00e7\u00e3o seja efetivada. Em frente a diversas ag\u00eancias foram colocadas faixas e cartazes denunciando a reestrutura\u00e7\u00e3o e alertando para o impacto no atendimento \u00e0 popula\u00e7\u00e3o. Para ver fotos das manifesta\u00e7\u00f5es, clique\u00a0<a href=\"https:\/\/www.facebook.com\/media\/set\/?vanity=contrafcut&amp;set=a.4245732942106375\">aqui<\/a>.<\/p>\n<p><span style=\"text-decoration: underline;\">Tuita\u00e7o<\/span><\/p>\n<p>Banc\u00e1rias e banc\u00e1rias tamb\u00e9m vestiram roupas pretas em protesto contra o pacote que a dire\u00e7\u00e3o do BB pretende impor. A hashtag #MeuBBvalemais figurou entre os 10 assuntos mais comentados no Twitter, em mais manifesta\u00e7\u00e3o nas redes sociais, que foi realizada \u00e0s 11h.<br \/>\u201cO dia de hoje foi importante, a gente entrou no top 10 do Twitter. Vamos ampliar mais isso, pois queremos trazer a sociedade para essa mobiliza\u00e7\u00e3o, principalmente para lutar contra essa reestrutura\u00e7\u00e3o do Banco do Brasil\u201d, disse o coordenador nacional da Comiss\u00e3o de Empresa dos Funcion\u00e1rios do Banco do Brasil (CEBB), Jo\u00e3o Fukunaga.\u00a0<br \/>A CEBB organiza a mobiliza\u00e7\u00e3o contra o plano de reestrutura\u00e7\u00e3o da dire\u00e7\u00e3o do BB junto com sindicatos, federa\u00e7\u00f5es e a Confedera\u00e7\u00e3o Nacional dos Trabalhadores do Ramo Financeiro (Contraf-CUT).<\/p>\n<p><span style=\"text-decoration: underline;\">Paralisa\u00e7\u00e3o<\/span><\/p>\n<p>Fukunaga informou que o Dia Nacional de Luta foi preparado com plen\u00e1rias de funcion\u00e1rios do banco realizadas por todo o pa\u00eds e que o calend\u00e1rio de lutas continua com a perspectiva de uma paralisa\u00e7\u00e3o nacional no dia 29. \u201cNo dia 29 estamos indicando paralisa\u00e7\u00e3o de 24 horas, com assembleias sendo realizadas pelos sindicatos. Estamos tomando todas as medidas legais para nos precaver, mas \u00e9 importante a mobiliza\u00e7\u00e3o. N\u00e3o \u00e9 s\u00f3 a declara\u00e7\u00e3o de greve em uma assembleia, mas a participa\u00e7\u00e3o do banc\u00e1rio atrav\u00e9s da n\u00e3o abertura do ponto eletr\u00f4nico. Uma greve s\u00f3 declarada pelos sindicatos n\u00e3o serve para nada. Isso n\u00e3o mede for\u00e7as. Por isso \u00e9 importante a constru\u00e7\u00e3o dessa paralisa\u00e7\u00e3o\u201d, explicou o coordenador da CEBB.<\/p>\n<p><strong>Fonte: Contraf-CUT<\/strong><\/p>\n","protected":false},"excerpt":{"rendered":"<p>Ag\u00eancias do Banco do Brasil (BB) de norte a sul do pa\u00eds realizaram nesta quinta-feira (21) manifesta\u00e7\u00f5es do Dia Nacional de Luta contra a Reestrutura\u00e7\u00e3o do banco. O plano de reestrutura\u00e7\u00e3o apresentado na semana passada pela dire\u00e7\u00e3o do BB prev\u00ea o fechamento de centenas de ag\u00eancias, postos de atendimento e escrit\u00f3rios, al\u00e9m da demiss\u00e3o de [&hellip;]<\/p>\n","protected":false},"author":2,"featured_media":10294,"comment_status":"","ping_status":"","sticky":false,"template":"","format":"standard","meta":{"footnotes":""},"categories":[3],"tags":[],"class_list":["post-10295","post","type-post","status-publish","format-standard","has-post-thumbnail","hentry","category-noticias"],"_links":{"self":[{"href":"https:\/\/hostnetart.com.br\/baixada\/wp-json\/wp\/v2\/posts\/10295","targetHints":{"allow":["GET"]}}],"collection":[{"href":"https:\/\/hostnetart.com.br\/baixada\/wp-json\/wp\/v2\/posts"}],"about":[{"href":"https:\/\/hostnetart.com.br\/baixada\/wp-json\/wp\/v2\/types\/post"}],"author":[{"embeddable":true,"href":"https:\/\/hostnetart.com.br\/baixada\/wp-json\/wp\/v2\/users\/2"}],"replies":[{"embeddable":true,"href":"https:\/\/hostnetart.com.br\/baixada\/wp-json\/wp\/v2\/comments?post=10295"}],"version-history":[{"count":0,"href":"https:\/\/hostnetart.com.br\/baixada\/wp-json\/wp\/v2\/posts\/10295\/revisions"}],"wp:featuredmedia":[{"embeddable":true,"href":"https:\/\/hostnetart.com.br\/baixada\/wp-json\/wp\/v2\/media\/10294"}],"wp:attachment":[{"href":"https:\/\/hostnetart.com.br\/baixada\/wp-json\/wp\/v2\/media?parent=10295"}],"wp:term":[{"taxonomy":"category","embeddable":true,"href":"https:\/\/hostnetart.com.br\/baixada\/wp-json\/wp\/v2\/categories?post=10295"},{"taxonomy":"post_tag","embeddable":true,"href":"https:\/\/hostnetart.com.br\/baixada\/wp-json\/wp\/v2\/tags?post=10295"}],"curies":[{"name":"wp","href":"https:\/\/api.w.org\/{rel}","templated":true}]}}