{"id":10289,"date":"2021-01-21T12:29:08","date_gmt":"2021-01-21T15:29:08","guid":{"rendered":"https:\/\/hostnetart.com.br\/baixada\/hoje-tem-tuitaco-contra-a-reestruturacao-no-bb\/"},"modified":"2021-01-21T12:29:08","modified_gmt":"2021-01-21T15:29:08","slug":"hoje-tem-tuitaco-contra-a-reestruturacao-no-bb","status":"publish","type":"post","link":"https:\/\/hostnetart.com.br\/baixada\/hoje-tem-tuitaco-contra-a-reestruturacao-no-bb\/","title":{"rendered":"Hoje tem tuita\u00e7o contra a reestrutura\u00e7\u00e3o no BB"},"content":{"rendered":"<p>Hoje, quinta-feira (21), vai ser o Dia Nacional de Lutas contra a reestrutura\u00e7\u00e3o proposta pela dire\u00e7\u00e3o do Banco do Brasil. Essa reestrutura\u00e7\u00e3o, na pr\u00e1tica, \u00e9 o desmonte do banco e prev\u00ea o fechamento de centenas de ag\u00eancias, postos de atendimento e escrit\u00f3rios, al\u00e9m da demiss\u00e3o de 5 mil funcion\u00e1rios.<\/p>\n<p>O Dia Nacional de Lutas vai ter uma s\u00e9rie de mobiliza\u00e7\u00f5es com reuni\u00f5es com os funcion\u00e1rios nos locais de trabalho, colagens, panfletagens e abaixo assinado. Uma dessas a\u00e7\u00f5es ser\u00e1 o tuita\u00e7o, que ser\u00e1 nesta quintata-feira, \u00e0s 11h, com a hashtag #MeuBBvalemais.<\/p>\n<p>A iniciativa \u00e9 organizada Comiss\u00e3o de Empresa dos Funcion\u00e1rios do Banco do Brasil (CEBB), sindicatos, federa\u00e7\u00f5es e pela Confedera\u00e7\u00e3o Nacional dos Trabalhadores do Ramo Financeiro (Contraf-CUT).<\/p>\n<p>Em cada sindicato haver\u00e1, nos pr\u00f3ximos dias, plen\u00e1rias de funcion\u00e1rios do banco para discutir formas de combater esse ataque.<\/p>\n<p>Participe dessa luta e divulgue o tuita\u00e7o para amigos e familiares. Esse plano tamb\u00e9m prejudica a popula\u00e7\u00e3o pois afeta diretamente o atendimento nas ag\u00eancias.<\/p>\n<p>N\u00e3o se esque\u00e7a: nesta quinta-feira (21), tu\u00edte a hashtag #MeuBBvalemais\u00a0<\/p>\n<p><strong>Fonte: Contraf-CUT<\/strong><\/p>\n","protected":false},"excerpt":{"rendered":"<p>Hoje, quinta-feira (21), vai ser o Dia Nacional de Lutas contra a reestrutura\u00e7\u00e3o proposta pela dire\u00e7\u00e3o do Banco do Brasil. Essa reestrutura\u00e7\u00e3o, na pr\u00e1tica, \u00e9 o desmonte do banco e prev\u00ea o fechamento de centenas de ag\u00eancias, postos de atendimento e escrit\u00f3rios, al\u00e9m da demiss\u00e3o de 5 mil funcion\u00e1rios. O Dia Nacional de Lutas vai [&hellip;]<\/p>\n","protected":false},"author":2,"featured_media":10288,"comment_status":"","ping_status":"","sticky":false,"template":"","format":"standard","meta":{"footnotes":""},"categories":[3],"tags":[],"class_list":["post-10289","post","type-post","status-publish","format-standard","has-post-thumbnail","hentry","category-noticias"],"_links":{"self":[{"href":"https:\/\/hostnetart.com.br\/baixada\/wp-json\/wp\/v2\/posts\/10289","targetHints":{"allow":["GET"]}}],"collection":[{"href":"https:\/\/hostnetart.com.br\/baixada\/wp-json\/wp\/v2\/posts"}],"about":[{"href":"https:\/\/hostnetart.com.br\/baixada\/wp-json\/wp\/v2\/types\/post"}],"author":[{"embeddable":true,"href":"https:\/\/hostnetart.com.br\/baixada\/wp-json\/wp\/v2\/users\/2"}],"replies":[{"embeddable":true,"href":"https:\/\/hostnetart.com.br\/baixada\/wp-json\/wp\/v2\/comments?post=10289"}],"version-history":[{"count":0,"href":"https:\/\/hostnetart.com.br\/baixada\/wp-json\/wp\/v2\/posts\/10289\/revisions"}],"wp:featuredmedia":[{"embeddable":true,"href":"https:\/\/hostnetart.com.br\/baixada\/wp-json\/wp\/v2\/media\/10288"}],"wp:attachment":[{"href":"https:\/\/hostnetart.com.br\/baixada\/wp-json\/wp\/v2\/media?parent=10289"}],"wp:term":[{"taxonomy":"category","embeddable":true,"href":"https:\/\/hostnetart.com.br\/baixada\/wp-json\/wp\/v2\/categories?post=10289"},{"taxonomy":"post_tag","embeddable":true,"href":"https:\/\/hostnetart.com.br\/baixada\/wp-json\/wp\/v2\/tags?post=10289"}],"curies":[{"name":"wp","href":"https:\/\/api.w.org\/{rel}","templated":true}]}}