{"id":10287,"date":"2021-01-20T16:23:11","date_gmt":"2021-01-20T19:23:11","guid":{"rendered":"https:\/\/hostnetart.com.br\/baixada\/funcionarios-do-bb-definem-calendario-de-luta-contra-reestruturacao\/"},"modified":"2021-01-20T16:23:11","modified_gmt":"2021-01-20T19:23:11","slug":"funcionarios-do-bb-definem-calendario-de-luta-contra-reestruturacao","status":"publish","type":"post","link":"https:\/\/hostnetart.com.br\/baixada\/funcionarios-do-bb-definem-calendario-de-luta-contra-reestruturacao\/","title":{"rendered":"Funcion\u00e1rios do BB definem calend\u00e1rio de luta contra reestrutura\u00e7\u00e3o"},"content":{"rendered":"<p>Banc\u00e1rias e banc\u00e1rios do Banco do Brasil v\u00e3o realizar nesta quinta-feira (21) um Dia Nacional de Lutas contra a reestrutura\u00e7\u00e3o proposta pela dire\u00e7\u00e3o do banco. A reestrutura\u00e7\u00e3o prev\u00ea o fechamento de ag\u00eancias e outras unidades do BB, al\u00e9m da demiss\u00e3o de 5 mil funcion\u00e1rios. O Dia Nacional de Lutas \u00e9 uma das iniciativas aprovadas nesta ter\u00e7a-feira (19) em reuni\u00e3o da Comiss\u00e3o de Empresa dos Funcion\u00e1rios do Banco do Brasil (CEBB). Tamb\u00e9m est\u00e1 sendo proposta uma paralisa\u00e7\u00e3o nacional dia 29.<\/p>\n<p>\u201cContinuamos a luta contra essa reestrutura\u00e7\u00e3o que s\u00f3 traz preju\u00edzos para a popula\u00e7\u00e3o e os funcion\u00e1rios do Banco do Brasil. Vamos levar para os clientes do banco, para os parlamentares, prefeitos e para a popula\u00e7\u00e3o em geral os danos que a proposta da dire\u00e7\u00e3o do banco pode provocar. Vivemos uma pandemia e eles querem demitir 5 mil pessoas, fechar ag\u00eancias que atendem cidades isoladas do interior, al\u00e9m de tentarem desmontar um banco p\u00fablico essencial para a economia brasileira\u201d, disse o coordenador nacional da CEBB, Jo\u00e3o Fukunaga.<\/p>\n<p>A CEBB decidiu fazer Dia Nacional de Lutas, nesta quinta-feira (21), com mobiliza\u00e7\u00e3o nas redes sociais, abaixo-assinado, reuni\u00f5es com os funcion\u00e1rios nos locais de trabalho, colagens e panfletagens. O calend\u00e1rio de mobiliza\u00e7\u00f5es se estende at\u00e9 o dia 28. \u201cEntre 21 e 28 de janeiro, as entidades sindicais manter\u00e3o as mobiliza\u00e7\u00f5es permanentes nos locais, com plen\u00e1rias, reuni\u00f5es nos locais de trabalho, a\u00e7\u00f5es nas m\u00eddias sociais, buscando apoio da sociedade e tornar p\u00fablico os ataques do governo federal ao Banco do Brasil e aos seus funcion\u00e1rios\u201d, explicou Jo\u00e3o Fukunaga.<\/p>\n<p>A CEBB indicou para os sindicatos realizarem nesse per\u00edodo de mobiliza\u00e7\u00e3o assembleias de base para a decreta\u00e7\u00e3o do estado de greve. A indica\u00e7\u00e3o da CEBB \u00e9 que no dia 29 seja realizada uma paralisa\u00e7\u00e3o nacional de 24 horas. No dia 29, est\u00e1 programada tamb\u00e9m uma atua\u00e7\u00e3o organizada nas m\u00eddias sociais e o uso de roupas pretas pelos funcion\u00e1rios.<\/p>\n<p><strong>Informa\u00e7\u00f5es e direitos<\/strong><\/p>\n<p>Tamb\u00e9m ser\u00e1 acionado o Minist\u00e9rio P\u00fablico do Trabalho para a obten\u00e7\u00e3o de informa\u00e7\u00f5es sobre a reestrutura\u00e7\u00e3o. \u201cA Contraf-CUT j\u00e1 solicitou ao banco informa\u00e7\u00f5es sobre ag\u00eancias, locais e postos de trabalho que ser\u00e3o extintos. A transpar\u00eancia, que deveria ser norma, inexiste, por isso n\u00e3o restar\u00e1 solu\u00e7\u00e3o que n\u00e3o solicitar junto ao Minist\u00e9rio do Trabalho media\u00e7\u00e3o\u201d, informou Renata Cabral, s\u00f3cia de Crivelli Advogados, e assessora Jur\u00eddica da Contraf-CUT.<\/p>\n<p>A garantia de direitos dos funcion\u00e1rios tamb\u00e9m \u00e9 preocupa\u00e7\u00e3o da assessora da Contraf-CUT. \u201cVamos tamb\u00e9m lan\u00e7ar m\u00e3o de a\u00e7\u00f5es judiciais para garantir ao banc\u00e1rio direitos b\u00e1sicos, como garantia \u00e0 estabilidade financeira para quem recebe gratifica\u00e7\u00e3o\/comiss\u00e3o por longo per\u00edodo (nos termos da s\u00famula 372\/TST); manuten\u00e7\u00e3o do sal\u00e1rio para quem teve o cargo renomeado, por\u00e9m continua com id\u00eanticas atividades, havendo ilegalidade no rebaixamento salarial e o n\u00e3o desconto em conta corrente de valores relativos a bolsa de estudos\u201d, completou Renata Cabral.<\/p>\n<p><span style=\"text-decoration: underline;\"><strong>Fonte: Contraf-CUT<\/strong><\/span><\/p>\n","protected":false},"excerpt":{"rendered":"<p>Banc\u00e1rias e banc\u00e1rios do Banco do Brasil v\u00e3o realizar nesta quinta-feira (21) um Dia Nacional de Lutas contra a reestrutura\u00e7\u00e3o proposta pela dire\u00e7\u00e3o do banco. A reestrutura\u00e7\u00e3o prev\u00ea o fechamento de ag\u00eancias e outras unidades do BB, al\u00e9m da demiss\u00e3o de 5 mil funcion\u00e1rios. O Dia Nacional de Lutas \u00e9 uma das iniciativas aprovadas nesta [&hellip;]<\/p>\n","protected":false},"author":2,"featured_media":10286,"comment_status":"","ping_status":"","sticky":false,"template":"","format":"standard","meta":{"footnotes":""},"categories":[3],"tags":[],"class_list":["post-10287","post","type-post","status-publish","format-standard","has-post-thumbnail","hentry","category-noticias"],"_links":{"self":[{"href":"https:\/\/hostnetart.com.br\/baixada\/wp-json\/wp\/v2\/posts\/10287","targetHints":{"allow":["GET"]}}],"collection":[{"href":"https:\/\/hostnetart.com.br\/baixada\/wp-json\/wp\/v2\/posts"}],"about":[{"href":"https:\/\/hostnetart.com.br\/baixada\/wp-json\/wp\/v2\/types\/post"}],"author":[{"embeddable":true,"href":"https:\/\/hostnetart.com.br\/baixada\/wp-json\/wp\/v2\/users\/2"}],"replies":[{"embeddable":true,"href":"https:\/\/hostnetart.com.br\/baixada\/wp-json\/wp\/v2\/comments?post=10287"}],"version-history":[{"count":0,"href":"https:\/\/hostnetart.com.br\/baixada\/wp-json\/wp\/v2\/posts\/10287\/revisions"}],"wp:featuredmedia":[{"embeddable":true,"href":"https:\/\/hostnetart.com.br\/baixada\/wp-json\/wp\/v2\/media\/10286"}],"wp:attachment":[{"href":"https:\/\/hostnetart.com.br\/baixada\/wp-json\/wp\/v2\/media?parent=10287"}],"wp:term":[{"taxonomy":"category","embeddable":true,"href":"https:\/\/hostnetart.com.br\/baixada\/wp-json\/wp\/v2\/categories?post=10287"},{"taxonomy":"post_tag","embeddable":true,"href":"https:\/\/hostnetart.com.br\/baixada\/wp-json\/wp\/v2\/tags?post=10287"}],"curies":[{"name":"wp","href":"https:\/\/api.w.org\/{rel}","templated":true}]}}