{"id":10283,"date":"2021-01-20T16:05:09","date_gmt":"2021-01-20T19:05:09","guid":{"rendered":"https:\/\/hostnetart.com.br\/baixada\/bancario-do-bradesco-e-reintegrado-pelo-sindicato-dos-bancarios-da-baixada-fluminense-2\/"},"modified":"2021-01-20T16:05:09","modified_gmt":"2021-01-20T19:05:09","slug":"bancario-do-bradesco-e-reintegrado-pelo-sindicato-dos-bancarios-da-baixada-fluminense-2","status":"publish","type":"post","link":"https:\/\/hostnetart.com.br\/baixada\/bancario-do-bradesco-e-reintegrado-pelo-sindicato-dos-bancarios-da-baixada-fluminense-2\/","title":{"rendered":"Banc\u00e1rio do Bradesco \u00e9 reintegrado pelo Sindicato dos Banc\u00e1rios da Baixada Fluminense"},"content":{"rendered":"<p>Nesta quarta-feira (20\/01), mais um banc\u00e1rio do Banco Bradesco foi reintegrado pelo Sindicato dos Banc\u00e1rios da Baixada Fluminense.\u00a0<\/p>\n<p>Atrav\u00e9s dos Departamentos Jur\u00eddico e de Sa\u00fade do Sindicato, o banc\u00e1rio Ricardo da Silva teve sua demiss\u00e3o revertida ap\u00f3s decis\u00e3o judicial da\u00a01a Vara do Trabalho de Nova Igua\u00e7u.<\/p>\n<p>Ricardo era funcion\u00e1rio da ag\u00eancia 3079 (Ministro Edgar Costa &#8211; Nova Igua\u00e7u), e foi reintegrado na ag\u00eancia 7043 (Av. Dr. Luiz Guimar\u00e3es).<\/p>\n<p>\u00c9 mais um trabalhador reintegrado \u00e0s suas fun\u00e7\u00f5es em plena pandemia do novo coronav\u00edrus, que j\u00e1 matou mais de 200 mil brasileiros.<\/p>\n<p><span style=\"text-decoration: underline;\">ENTENDA O CASO<\/span><\/p>\n<p>Apesar do compromisso firmado com a categoria banc\u00e1ria de n\u00e3o demitir durante a pandemia, os bancos vem contrariando este acordo.\u00a0<\/p>\n<p>Ap\u00f3s o comunicado de demiss\u00e3o, Ricardo da Silva buscou atendimento no Sindicato. Ap\u00f3s o atendimento, o Departamento Jur\u00eddico do Sindicato dos Banc\u00e1rios da Baixada Fluminense, que vem fazendo um trabalho impec\u00e1vel, colheu os frutos desse trabalho e conseguiu a reintegra\u00e7\u00e3o do trabalhador.\u00a0<\/p>\n<p><span style=\"text-decoration: underline;\">IMPORTANTE<\/span><\/p>\n<p>Em caso de demiss\u00e3o, a orienta\u00e7\u00e3o \u00e9 para que o banc\u00e1rio ou banc\u00e1ria entre em contato imediatamente com o Sindicato.<\/p>\n<p>SINDICALIZE-SE<\/p>\n","protected":false},"excerpt":{"rendered":"<p>Nesta quarta-feira (20\/01), mais um banc\u00e1rio do Banco Bradesco foi reintegrado pelo Sindicato dos Banc\u00e1rios da Baixada Fluminense.\u00a0 Atrav\u00e9s dos Departamentos Jur\u00eddico e de Sa\u00fade do Sindicato, o banc\u00e1rio Ricardo da Silva teve sua demiss\u00e3o revertida ap\u00f3s decis\u00e3o judicial da\u00a01a Vara do Trabalho de Nova Igua\u00e7u. Ricardo era funcion\u00e1rio da ag\u00eancia 3079 (Ministro Edgar Costa [&hellip;]<\/p>\n","protected":false},"author":2,"featured_media":10282,"comment_status":"","ping_status":"","sticky":false,"template":"","format":"standard","meta":{"footnotes":""},"categories":[3],"tags":[],"class_list":["post-10283","post","type-post","status-publish","format-standard","has-post-thumbnail","hentry","category-noticias"],"_links":{"self":[{"href":"https:\/\/hostnetart.com.br\/baixada\/wp-json\/wp\/v2\/posts\/10283","targetHints":{"allow":["GET"]}}],"collection":[{"href":"https:\/\/hostnetart.com.br\/baixada\/wp-json\/wp\/v2\/posts"}],"about":[{"href":"https:\/\/hostnetart.com.br\/baixada\/wp-json\/wp\/v2\/types\/post"}],"author":[{"embeddable":true,"href":"https:\/\/hostnetart.com.br\/baixada\/wp-json\/wp\/v2\/users\/2"}],"replies":[{"embeddable":true,"href":"https:\/\/hostnetart.com.br\/baixada\/wp-json\/wp\/v2\/comments?post=10283"}],"version-history":[{"count":0,"href":"https:\/\/hostnetart.com.br\/baixada\/wp-json\/wp\/v2\/posts\/10283\/revisions"}],"wp:featuredmedia":[{"embeddable":true,"href":"https:\/\/hostnetart.com.br\/baixada\/wp-json\/wp\/v2\/media\/10282"}],"wp:attachment":[{"href":"https:\/\/hostnetart.com.br\/baixada\/wp-json\/wp\/v2\/media?parent=10283"}],"wp:term":[{"taxonomy":"category","embeddable":true,"href":"https:\/\/hostnetart.com.br\/baixada\/wp-json\/wp\/v2\/categories?post=10283"},{"taxonomy":"post_tag","embeddable":true,"href":"https:\/\/hostnetart.com.br\/baixada\/wp-json\/wp\/v2\/tags?post=10283"}],"curies":[{"name":"wp","href":"https:\/\/api.w.org\/{rel}","templated":true}]}}